{"id":51756,"date":"2023-02-17T08:30:00","date_gmt":"2023-02-17T14:30:00","guid":{"rendered":"http:\/\/www.zonaroja.com.mx\/?p=51756"},"modified":"2023-02-17T06:49:09","modified_gmt":"2023-02-17T12:49:09","slug":"otra-mujer-agredida-presuntamente-con-acido-en-oaxaca-detienen-a-sujeto","status":"publish","type":"post","link":"https:\/\/zonaroja.com.mx\/?p=51756","title":{"rendered":"Otra mujer agredida presuntamente con \u00e1cido en Oaxaca; detienen a sujeto"},"content":{"rendered":"\n<p>Redacci\u00f3n\/Zona Roja.<\/p>\n\n\n\n<p>Oaxaca de Ju\u00e1rez, Oax., a 17 de febrero de 2023.- En el D\u00eda del Amor y la Amistad, un individuo atac\u00f3 con solvente, presuntamente \u00e1cido, a su ex pareja, en Ciudad Ixtepec, municipio de la regi\u00f3n Istmo de Oaxaca.<\/p>\n\n\n\n<p>Ayer, la Fiscal\u00eda General del Estado inform\u00f3 de la detenci\u00f3n por parte de polic\u00edas municipales, y puesta a disposici\u00f3n del Ministerio P\u00fablico de Meufael R. V., por el delito de tentativa de feminicidio.<\/p>\n\n\n\n<p>En un comunicado, detall\u00f3 que la detenci\u00f3n -ocurrida la tarde de este jueves- est\u00e1 dentro del plazo constitucional para que la instituci\u00f3n presente al individuo a la audiencia de control de detenci\u00f3n ante el Juez del caso para que determine su situaci\u00f3n jur\u00eddica.<\/p>\n\n\n\n<p>Previamente, la v\u00edctima present\u00f3 una denuncia, en la que narr\u00f3 la agresi\u00f3n cometida por un hombre, quien lanz\u00f3 un artefacto con una sustancia qu\u00edmica (que se encuentra en an\u00e1lisis pericial) cerca de su persona, por lo que la Fiscal\u00eda atendi\u00f3 el caso con perspectiva de g\u00e9nero, a trav\u00e9s de la Vicefiscal\u00eda Regional del Istmo.<\/p>\n\n\n\n<p>La instituci\u00f3n dio intervenci\u00f3n al Centro de Justicia para las Mujeres de esa regi\u00f3n, y a diferentes \u00e1reas para otorgar un esquema de atenci\u00f3n psicol\u00f3gica, m\u00e9dica y jur\u00eddica, a la v\u00edctima directa e indirectas, brindada por la Vicefiscal\u00eda para Atenci\u00f3n a V\u00edctimas y a la Sociedad.<\/p>\n\n\n\n<p>De acuerdo con la denuncia, los hechos ocurrieron en diferentes ocasiones, cuando un hombre realiz\u00f3 diversas acciones de agresi\u00f3n y acoso en contra de la v\u00edctima, entre ellas, la del pasado 14 de febrero, cuando el agresor acudi\u00f3 al trabajo de la v\u00edctima para insultarla y posteriormente lanzar un artefacto que se encuentra bajo investigaci\u00f3n pericial.<\/p>\n\n\n\n<p>Derivado de estas denuncias, la Fiscal\u00eda de Oaxaca emiti\u00f3 medidas de protecci\u00f3n a favor de la v\u00edctima para restringir el acercamiento de quien represente un riesgo potencial para la integridad personal y familiar.<\/p>\n","protected":false},"excerpt":{"rendered":"<p>Redacci\u00f3n\/Zona Roja. Oaxaca de Ju\u00e1rez, Oax., a 17 de febrero de 2023.- En el D\u00eda&hellip;<\/p>\n","protected":false},"author":2,"featured_media":51757,"comment_status":"closed","ping_status":"open","sticky":false,"template":"","format":"standard","meta":{"_lmt_disableupdate":"","_lmt_disable":"","_jetpack_memberships_contains_paid_content":false,"footnotes":""},"categories":[109,47],"tags":[703],"class_list":["post-51756","post","type-post","status-publish","format-standard","has-post-thumbnail","hentry","category-minuto-a-minuto","category-zona-gris","tag-ciudad-ixtepec"],"jetpack_featured_media_url":"https:\/\/zonaroja.com.mx\/wp-content\/uploads\/2023\/02\/Meufael-R.-V.-Ciudad-Ixtepec-tentativa-de-feminicidio.jpg","jetpack_sharing_enabled":true,"_links":{"self":[{"href":"https:\/\/zonaroja.com.mx\/index.php?rest_route=\/wp\/v2\/posts\/51756","targetHints":{"allow":["GET"]}}],"collection":[{"href":"https:\/\/zonaroja.com.mx\/index.php?rest_route=\/wp\/v2\/posts"}],"about":[{"href":"https:\/\/zonaroja.com.mx\/index.php?rest_route=\/wp\/v2\/types\/post"}],"author":[{"embeddable":true,"href":"https:\/\/zonaroja.com.mx\/index.php?rest_route=\/wp\/v2\/users\/2"}],"replies":[{"embeddable":true,"href":"https:\/\/zonaroja.com.mx\/index.php?rest_route=%2Fwp%2Fv2%2Fcomments&post=51756"}],"version-history":[{"count":1,"href":"https:\/\/zonaroja.com.mx\/index.php?rest_route=\/wp\/v2\/posts\/51756\/revisions"}],"predecessor-version":[{"id":51758,"href":"https:\/\/zonaroja.com.mx\/index.php?rest_route=\/wp\/v2\/posts\/51756\/revisions\/51758"}],"wp:featuredmedia":[{"embeddable":true,"href":"https:\/\/zonaroja.com.mx\/index.php?rest_route=\/wp\/v2\/media\/51757"}],"wp:attachment":[{"href":"https:\/\/zonaroja.com.mx\/index.php?rest_route=%2Fwp%2Fv2%2Fmedia&parent=51756"}],"wp:term":[{"taxonomy":"category","embeddable":true,"href":"https:\/\/zonaroja.com.mx\/index.php?rest_route=%2Fwp%2Fv2%2Fcategories&post=51756"},{"taxonomy":"post_tag","embeddable":true,"href":"https:\/\/zonaroja.com.mx\/index.php?rest_route=%2Fwp%2Fv2%2Ftags&post=51756"}],"curies":[{"name":"wp","href":"https:\/\/api.w.org\/{rel}","templated":true}]}}