{"id":51759,"date":"2023-02-17T09:30:00","date_gmt":"2023-02-17T15:30:00","guid":{"rendered":"http:\/\/www.zonaroja.com.mx\/?p=51759"},"modified":"2023-02-17T06:52:52","modified_gmt":"2023-02-17T12:52:52","slug":"confirma-tribunal-invalidacion-de-eleccion-en-san-juan-mazatlan-mixe","status":"publish","type":"post","link":"https:\/\/zonaroja.com.mx\/?p=51759","title":{"rendered":"Confirma Tribunal invalidaci\u00f3n de elecci\u00f3n en San Juan Mazatl\u00e1n Mixe"},"content":{"rendered":"\n<p>Redacci\u00f3n\/Zona Roja.<\/p>\n\n\n\n<p>Oaxaca de Ju\u00e1rez, Oax., a 17 de febrero de 2023.- Por unanimidad, el pleno del Tribunal Electoral del Estado de Oaxaca (TEEO) confirm\u00f3 el acuerdo del Consejo General del Instituto Estatal Electoral y de Participaci\u00f3n Ciudadana de Oaxaca (IEEPCO), que calific\u00f3 como jur\u00eddicamente no valida la elecci\u00f3n ordinaria de concejal\u00edas al Ayuntamiento San Juan Mazatl\u00e1n, para el per\u00edodo 2023.<\/p>\n\n\n\n<p>En la resoluci\u00f3n de los juicios electorales en los sistemas normativos internos con claves: JNI\/96\/2022, JNI\/99\/2022, JNI\/100\/2022 y JNI\/102\/2022, determin\u00f3 que se acreditan irregularidades en esta elecci\u00f3n, que resultan trascendentes para no validarla, las cuales afectan el principio de certeza, y que incidieron en el derecho de participaci\u00f3n de la ciudadan\u00eda que integra el municipio.<\/p>\n\n\n\n<p>El \u00f3rgano se\u00f1al\u00f3 que las irregularidades consisten en: un crecimiento desproporcional respecto a la votaci\u00f3n obtenida, ya que se detect\u00f3 que en 18 comunidades los votos recibidos rebasan al total de la poblaci\u00f3n y, solo en 13 comunidades no se present\u00f3 esta inconsistencia.<\/p>\n\n\n\n<p>Adem\u00e1s, la consideraci\u00f3n de la Asamblea General Comunitaria de Los Fresnos, al permitir la votaci\u00f3n a personas que no pertenecen a dicha comunidad, lo cual, modific\u00f3 el sistema normativo; as\u00ed como, las diferencias en las actas de sesi\u00f3n permanente con motivo de la jornada electoral.<\/p>\n\n\n\n<p>El pleno del TEEO advirti\u00f3 que el Consejo General del IEEPCO realiz\u00f3 un inadecuado estudio de este asunto, que deriv\u00f3 en la falta de fundamentaci\u00f3n, motivaci\u00f3n, exhaustividad y congruencia, ya que no examin\u00f3 la nulidad de la elecci\u00f3n en el contexto completo del asunto y no consider\u00f3 la documentaci\u00f3n soporte de cada una de las actas de las asambleas de las comunidades.<\/p>\n","protected":false},"excerpt":{"rendered":"<p>Redacci\u00f3n\/Zona Roja. Oaxaca de Ju\u00e1rez, Oax., a 17 de febrero de 2023.- Por unanimidad, el&hellip;<\/p>\n","protected":false},"author":2,"featured_media":41331,"comment_status":"closed","ping_status":"open","sticky":false,"template":"","format":"standard","meta":{"_lmt_disableupdate":"","_lmt_disable":"","_jetpack_memberships_contains_paid_content":false,"footnotes":""},"categories":[109,47],"tags":[933],"class_list":["post-51759","post","type-post","status-publish","format-standard","has-post-thumbnail","hentry","category-minuto-a-minuto","category-zona-gris","tag-san-juan-mazatlan-mixe"],"jetpack_featured_media_url":"https:\/\/zonaroja.com.mx\/wp-content\/uploads\/2022\/05\/San-Juan-Mazatlan-Mixe.jpg","jetpack_sharing_enabled":true,"_links":{"self":[{"href":"https:\/\/zonaroja.com.mx\/index.php?rest_route=\/wp\/v2\/posts\/51759","targetHints":{"allow":["GET"]}}],"collection":[{"href":"https:\/\/zonaroja.com.mx\/index.php?rest_route=\/wp\/v2\/posts"}],"about":[{"href":"https:\/\/zonaroja.com.mx\/index.php?rest_route=\/wp\/v2\/types\/post"}],"author":[{"embeddable":true,"href":"https:\/\/zonaroja.com.mx\/index.php?rest_route=\/wp\/v2\/users\/2"}],"replies":[{"embeddable":true,"href":"https:\/\/zonaroja.com.mx\/index.php?rest_route=%2Fwp%2Fv2%2Fcomments&post=51759"}],"version-history":[{"count":2,"href":"https:\/\/zonaroja.com.mx\/index.php?rest_route=\/wp\/v2\/posts\/51759\/revisions"}],"predecessor-version":[{"id":51761,"href":"https:\/\/zonaroja.com.mx\/index.php?rest_route=\/wp\/v2\/posts\/51759\/revisions\/51761"}],"wp:featuredmedia":[{"embeddable":true,"href":"https:\/\/zonaroja.com.mx\/index.php?rest_route=\/wp\/v2\/media\/41331"}],"wp:attachment":[{"href":"https:\/\/zonaroja.com.mx\/index.php?rest_route=%2Fwp%2Fv2%2Fmedia&parent=51759"}],"wp:term":[{"taxonomy":"category","embeddable":true,"href":"https:\/\/zonaroja.com.mx\/index.php?rest_route=%2Fwp%2Fv2%2Fcategories&post=51759"},{"taxonomy":"post_tag","embeddable":true,"href":"https:\/\/zonaroja.com.mx\/index.php?rest_route=%2Fwp%2Fv2%2Ftags&post=51759"}],"curies":[{"name":"wp","href":"https:\/\/api.w.org\/{rel}","templated":true}]}}