{"id":51762,"date":"2023-02-17T07:26:24","date_gmt":"2023-02-17T13:26:24","guid":{"rendered":"http:\/\/www.zonaroja.com.mx\/?p=51762"},"modified":"2023-02-17T07:26:26","modified_gmt":"2023-02-17T13:26:26","slug":"azota-una-ballena-lancha-en-la-costa-de-oaxaca-y-muere-un-pescador","status":"publish","type":"post","link":"https:\/\/zonaroja.com.mx\/?p=51762","title":{"rendered":"Azota una ballena lancha en la Costa de Oaxaca y muere un pescador"},"content":{"rendered":"\n<p>Redacci\u00f3n\/Zona Roja. Foto: \u00abEcos del Pac\u00edfico\u00bb<\/p>\n\n\n\n<p>Oaxaca de Ju\u00e1rez, Oax., a 17 de febrero de 2023.- Una ballena de gran tama\u00f1o golpe\u00f3 una lancha de pescadores, a unos 500 metros de la playa principal de Puerto Escondido, Oaxaca, lo que dej\u00f3 como saldo una persona fallecida.<\/p>\n\n\n\n<p>Se trata del se\u00f1or Tom\u00e1s Isa\u00edas \u201cN\u201d, de 67 a\u00f1os de edad, cuya forma de deceso a\u00fan no se ha definido, pues se ha mencionado que fue por un infarto y no por el golpe del enorme mam\u00edfero.<\/p>\n\n\n\n<p>Los hechos ocurrieron anoche cuando la lancha \u201cFrida Nahomi\u201d con tres ocupantes sali\u00f3 a la mar en busca de carnada, pero repentinamente la ballena emergi\u00f3 y presuntamente golpe\u00f3 la embarcaci\u00f3n.<\/p>\n\n\n\n<p>Los pescadores Tom\u00e1s Isa\u00edas \u201cN\u201d, Efra\u00edn R. A. y Rigoberto S. R., cayeron al agua pero estos \u00faltimos, al recuperarse y volver a la lancha, buscaron a su compa\u00f1ero, al que hallaron se hallaba flotando y no reaccionaba.<\/p>\n\n\n\n<p>Tras ello, lograron subir el cuero a la embarcaci\u00f3n y trasladarlo a la playa, donde personal de protecci\u00f3n civil del municipio de San Pedro Mixtepec le brind\u00f3 los primeros auxilios, pero corrobor\u00f3 que ya no contaba con signos vitales.<\/p>\n\n\n\n<p>\u201cAunque algunas versiones se\u00f1alan que Tom\u00e1s Isa\u00edas falleci\u00f3 porque la ballena le habr\u00eda ca\u00eddo encima, tambi\u00e9n existe la posibilidad de que \u00e9l hubiese sido v\u00edctima de un paro cardiaco, por lo que ser\u00e1 la Fiscal\u00eda General del Estado de Oaxaca la que determine la causa de su muerte\u201d, detall\u00f3 el periodista Fredy Garc\u00eda, del sitio de internet \u201cEcos del Pac\u00edfico\u201d.<\/p>\n","protected":false},"excerpt":{"rendered":"<p>Redacci\u00f3n\/Zona Roja. Foto: \u00abEcos del Pac\u00edfico\u00bb Oaxaca de Ju\u00e1rez, Oax., a 17 de febrero de&hellip;<\/p>\n","protected":false},"author":2,"featured_media":51763,"comment_status":"closed","ping_status":"open","sticky":false,"template":"","format":"standard","meta":{"_lmt_disableupdate":"","_lmt_disable":"","_jetpack_memberships_contains_paid_content":false,"footnotes":""},"categories":[109,47],"tags":[590],"class_list":["post-51762","post","type-post","status-publish","format-standard","has-post-thumbnail","hentry","category-minuto-a-minuto","category-zona-gris","tag-puerto-escondido"],"jetpack_featured_media_url":"https:\/\/zonaroja.com.mx\/wp-content\/uploads\/2023\/02\/Lancha-Puerto-Escondido-ballena.jpeg","jetpack_sharing_enabled":true,"_links":{"self":[{"href":"https:\/\/zonaroja.com.mx\/index.php?rest_route=\/wp\/v2\/posts\/51762","targetHints":{"allow":["GET"]}}],"collection":[{"href":"https:\/\/zonaroja.com.mx\/index.php?rest_route=\/wp\/v2\/posts"}],"about":[{"href":"https:\/\/zonaroja.com.mx\/index.php?rest_route=\/wp\/v2\/types\/post"}],"author":[{"embeddable":true,"href":"https:\/\/zonaroja.com.mx\/index.php?rest_route=\/wp\/v2\/users\/2"}],"replies":[{"embeddable":true,"href":"https:\/\/zonaroja.com.mx\/index.php?rest_route=%2Fwp%2Fv2%2Fcomments&post=51762"}],"version-history":[{"count":1,"href":"https:\/\/zonaroja.com.mx\/index.php?rest_route=\/wp\/v2\/posts\/51762\/revisions"}],"predecessor-version":[{"id":51764,"href":"https:\/\/zonaroja.com.mx\/index.php?rest_route=\/wp\/v2\/posts\/51762\/revisions\/51764"}],"wp:featuredmedia":[{"embeddable":true,"href":"https:\/\/zonaroja.com.mx\/index.php?rest_route=\/wp\/v2\/media\/51763"}],"wp:attachment":[{"href":"https:\/\/zonaroja.com.mx\/index.php?rest_route=%2Fwp%2Fv2%2Fmedia&parent=51762"}],"wp:term":[{"taxonomy":"category","embeddable":true,"href":"https:\/\/zonaroja.com.mx\/index.php?rest_route=%2Fwp%2Fv2%2Fcategories&post=51762"},{"taxonomy":"post_tag","embeddable":true,"href":"https:\/\/zonaroja.com.mx\/index.php?rest_route=%2Fwp%2Fv2%2Ftags&post=51762"}],"curies":[{"name":"wp","href":"https:\/\/api.w.org\/{rel}","templated":true}]}}