{"id":51774,"date":"2023-02-17T08:02:20","date_gmt":"2023-02-17T14:02:20","guid":{"rendered":"http:\/\/www.zonaroja.com.mx\/?p=51774"},"modified":"2023-02-17T08:02:22","modified_gmt":"2023-02-17T14:02:22","slug":"secretario-de-administracion-reitera-respeto-y-colaboracion-con-sindicato","status":"publish","type":"post","link":"https:\/\/zonaroja.com.mx\/?p=51774","title":{"rendered":"Secretario de Administraci\u00f3n reitera respeto y colaboraci\u00f3n con sindicato"},"content":{"rendered":"\n<p>Redacci\u00f3n\/Zona Roja.<\/p>\n\n\n\n<p>Oaxaca de Ju\u00e1rez, Oax., a 17 de febrero de 2023.- El titular de la Secretar\u00eda de Administraci\u00f3n, Antonino Morales Toledo, reiter\u00f3 al Sindicato de Trabajadores y Empleados al Servicio de los Poderes e Instituciones Descentralizadas de Car\u00e1cter Estatal de Oaxaca (STSPIDCEO) su respeto a la autonom\u00eda sindical y trabajo conjunto a favor de los oaxaque\u00f1os.<\/p>\n\n\n\n<p>Lo anterior luego de una reuni\u00f3n en la que encabez\u00f3 el gobernador Salom\u00f3n Jara Cruz con la dirigencia de ese gremio que encabeza Pedro Castillejos Villalobos.<\/p>\n\n\n\n<p>\u201cEn el encuentro, reiter\u00e9 a las y los compa\u00f1eros dirigentes, mi respeto a la autonom\u00eda sindical, al trabajo responsable y eficaz y a la importancia de la comunicaci\u00f3n y el di\u00e1logo que debe permanecer.<\/p>\n\n\n\n<p>\u201cTambi\u00e9n reconoc\u00ed la gran labor, aporte, conocimientos y experiencias de las y los compa\u00f1eros sindicalizados, quienes son pieza fundamental en este proceso de transformaci\u00f3n que vive nuestro estado.<\/p>\n\n\n\n<p>\u201cSin duda, coincidimos en exaltar el trabajo responsable, serio, eficaz, eficiente y c\u00e1lido que debemos brindar a la poblaci\u00f3n oaxaque\u00f1a en los diferentes servicios p\u00fablicos en los que estamos involucrados en las dependencias\u201d, dijo.<\/p>\n\n\n\n<p>Morales Toledo abund\u00f3 que exhort\u00f3 de manera respetuosa a los representantes sindicales a redoblar esfuerzos para que Oaxaca se fortalezca en la ruta de la transformaci\u00f3n de estos nuevos tiempos, como lo ha instruido el gobernador Salom\u00f3n Jara Cruz.<\/p>\n\n\n\n<p>\u201cDesde la Secretar\u00eda de Administraci\u00f3n, reiter\u00f3 mi compromiso de garantizar el ejercicio responsable, transparente y eficiente de los recursos materiales y humanos que permitan el buen funcionamiento del gobierno, en beneficio del pueblo de Oaxaca\u201d, manifest\u00f3.<\/p>\n\n\n\n<p>Posteriormente, Antonino Morales se reuni\u00f3 con jefes de departamento y de unidad de la Secretar\u00eda de Administraci\u00f3n, para direccionar el trabajo responsable, sensible, humano y hacer equipo para potencializar la atenci\u00f3n y los servicios<\/p>\n\n\n\n<p>\u201cVamos por un cambio profundo, la instrucci\u00f3n de nuestro gobernador Salom\u00f3n Jara Cruz es atender y resolver las necesidades y demandas que se presentan d\u00eda con d\u00eda en las \u00e1reas de la Secretar\u00eda de Administraci\u00f3n\u201d, expuso.<\/p>\n\n\n\n<p>\u201cLa instrucci\u00f3n es clara, el compromiso es con y para Oaxaca, con los valores y principios de la era de la transformaci\u00f3n\u201d, manifest\u00f3.<\/p>\n\n\n\n<figure class=\"wp-block-embed is-type-rich is-provider-twitter wp-block-embed-twitter\"><div class=\"wp-block-embed__wrapper\">\n<div class=\"twitter-tweet\"><blockquote class=\"twitter-tweet\" data-lang=\"es\"><p lang=\"es\" dir=\"ltr\">destacando la disposici\u00f3n de continuar trabajando en equipo por la mejora del servicio p\u00fablico y el bienestar de la base trabajadora, as\u00ed como del correcto funcionamiento del gobierno, instrucci\u00f3n del Gdor. <a href=\"https:\/\/twitter.com\/salomonj?ref_src=twsrc%5Etfw\">@salomonj<\/a>. <a href=\"https:\/\/t.co\/FcbpCU1Guu\">pic.twitter.com\/FcbpCU1Guu<\/a><\/p>&mdash; Secretar\u00eda de Administraci\u00f3n (@Admon_GobOax) <a href=\"https:\/\/twitter.com\/Admon_GobOax\/status\/1626288294580596736?ref_src=twsrc%5Etfw\">16 de febrero de 2023<\/a><\/blockquote><\/div>\n<\/div><\/figure>\n","protected":false},"excerpt":{"rendered":"<p>Redacci\u00f3n\/Zona Roja. Oaxaca de Ju\u00e1rez, Oax., a 17 de febrero de 2023.- El titular de&hellip;<\/p>\n","protected":false},"author":2,"featured_media":51775,"comment_status":"closed","ping_status":"open","sticky":false,"template":"","format":"standard","meta":{"_lmt_disableupdate":"","_lmt_disable":"","_jetpack_memberships_contains_paid_content":false,"footnotes":""},"categories":[109,46],"tags":[180],"class_list":["post-51774","post","type-post","status-publish","format-standard","has-post-thumbnail","hentry","category-minuto-a-minuto","category-zona-blanca","tag-antonino-morales-toledo"],"jetpack_featured_media_url":"https:\/\/zonaroja.com.mx\/wp-content\/uploads\/2023\/02\/Antonino-Morales-y-sindicato-de-buroctatas.jpeg","jetpack_sharing_enabled":true,"_links":{"self":[{"href":"https:\/\/zonaroja.com.mx\/index.php?rest_route=\/wp\/v2\/posts\/51774","targetHints":{"allow":["GET"]}}],"collection":[{"href":"https:\/\/zonaroja.com.mx\/index.php?rest_route=\/wp\/v2\/posts"}],"about":[{"href":"https:\/\/zonaroja.com.mx\/index.php?rest_route=\/wp\/v2\/types\/post"}],"author":[{"embeddable":true,"href":"https:\/\/zonaroja.com.mx\/index.php?rest_route=\/wp\/v2\/users\/2"}],"replies":[{"embeddable":true,"href":"https:\/\/zonaroja.com.mx\/index.php?rest_route=%2Fwp%2Fv2%2Fcomments&post=51774"}],"version-history":[{"count":1,"href":"https:\/\/zonaroja.com.mx\/index.php?rest_route=\/wp\/v2\/posts\/51774\/revisions"}],"predecessor-version":[{"id":51776,"href":"https:\/\/zonaroja.com.mx\/index.php?rest_route=\/wp\/v2\/posts\/51774\/revisions\/51776"}],"wp:featuredmedia":[{"embeddable":true,"href":"https:\/\/zonaroja.com.mx\/index.php?rest_route=\/wp\/v2\/media\/51775"}],"wp:attachment":[{"href":"https:\/\/zonaroja.com.mx\/index.php?rest_route=%2Fwp%2Fv2%2Fmedia&parent=51774"}],"wp:term":[{"taxonomy":"category","embeddable":true,"href":"https:\/\/zonaroja.com.mx\/index.php?rest_route=%2Fwp%2Fv2%2Fcategories&post=51774"},{"taxonomy":"post_tag","embeddable":true,"href":"https:\/\/zonaroja.com.mx\/index.php?rest_route=%2Fwp%2Fv2%2Ftags&post=51774"}],"curies":[{"name":"wp","href":"https:\/\/api.w.org\/{rel}","templated":true}]}}