{"id":51778,"date":"2023-02-17T18:22:05","date_gmt":"2023-02-18T00:22:05","guid":{"rendered":"http:\/\/www.zonaroja.com.mx\/?p=51778"},"modified":"2023-02-17T18:22:07","modified_gmt":"2023-02-18T00:22:07","slug":"imparable-violencia-contra-periodistas-en-oaxaca-van-30-casos-en-un-ano-exige-alto","status":"publish","type":"post","link":"https:\/\/zonaroja.com.mx\/?p=51778","title":{"rendered":"Imparable violencia contra periodistas en Oaxaca, van 30 casos en un a\u00f1o; exige alto"},"content":{"rendered":"\n<p>Yuridiana Sosa\/Zona Roja.&nbsp;<\/p>\n\n\n\n<p>Oaxaca de Ju\u00e1rez, Oax., a 17 de febrero de 2023.- Desde hace un a\u00f1o, cada mes en Oaxaca se han registrado en promedio 2.5 de agresiones a periodistas e integrantes de los medios de comunicaci\u00f3n por ejercer su labor, y en cada caso prevalece la impunidad.<\/p>\n\n\n\n<p>A un a\u00f1o del asesinato del periodista Heber L\u00f3pez en Salina Cruz, comunicadores de la entidad marcharon hoy de manera pac\u00edfica en la ciudad de Oaxaca para exigir a la Fiscal\u00eda General del Estado justicia por este hecho que marc\u00f3 el inicio del inicio de Movimiento Periodistas en Riesgo-Oaxaca.\u00a0<\/p>\n\n\n\n<p>De acuerdo con datos del movimiento \u00abPeriodistas en Riesgo\u00bb, en el transcurso de un a\u00f1o se han realizado 30 denuncias oficiales ante la Fiscal\u00eda de Oaxaca por agresiones a mujeres y hombres que integran los medios de comunicaci\u00f3n en la capital y en las diferentes regiones de la entidad.<\/p>\n\n\n\n<p>\u201c\u00a1Jara escucha, periodistas en la lucha!\u201d, \u201c\u00a1La muerte de Heber no es la \u00fanica, pero que sea la \u00faltima!\u201d, \u201c\u00a1No disparen, soy periodista!\u201d, fueron algunos de los mensajes dirigidos a las autoridad y sociedad que portaron en cartulinas durante la marcha del Parque Ju\u00e1rez \u201cEl Llano\u201d al Palacio de Gobierno.<\/p>\n\n\n\n<p>El grupo representativo de periodistas lleg\u00f3 hasta la puerta principal de la sede del Poder Ejecutivo, que se mantuvo cerrada, para realizar un mitin y reiterar su proceso de lucha y unidad para exigir garant\u00edas en el ejercicio de su labor.<\/p>\n\n\n\n<p>La integrante del movimiento, Alondra Olivera, demand\u00f3 al gobernador Salom\u00f3n Jara que muestra con hechos el mensaje que sostiene sobre el di\u00e1logo e inter\u00e9s para frenar las agresiones de los comunicadores.<\/p>\n\n\n\n<p>Con la consigna de \u201c\u00a1Justicia!,\u00a1Justicia!, \u00a1Justicia!\u201d, los periodistas culminaron su protesta y colocaron sus pancartas en la puerta de Palacio de Gobierno en recordatorio al gran pendiente que tiene el Gobierno del Estado con el gremio.<\/p>\n\n\n\n<figure class=\"wp-block-embed is-type-rich is-provider-twitter wp-block-embed-twitter\"><div class=\"wp-block-embed__wrapper\">\n<div class=\"twitter-tweet\"><blockquote class=\"twitter-tweet\" data-lang=\"es\"><p lang=\"es\" dir=\"ltr\"><a href=\"https:\/\/twitter.com\/hashtag\/ENVIVO?src=hash&amp;ref_src=twsrc%5Etfw\">#ENVIVO<\/a><br>Oaxaca de Ju\u00e1rez, Oax., a 17 de febrero de 2023.- Marcha de periodistas en la ciudad de <a href=\"https:\/\/twitter.com\/hashtag\/Oaxaca?src=hash&amp;ref_src=twsrc%5Etfw\">#Oaxaca<\/a>, para exigir alto a las agresiones y no m\u00e1s impunidad, en Oaxaca en M\u00e9xico.<a href=\"https:\/\/twitter.com\/hashtag\/PeriodismoSomosTodos?src=hash&amp;ref_src=twsrc%5Etfw\">#PeriodismoSomosTodos<\/a><a href=\"https:\/\/twitter.com\/hashtag\/PeriodismoEnRiesgo?src=hash&amp;ref_src=twsrc%5Etfw\">#PeriodismoEnRiesgo<\/a><br>\ud83d\udc47<a href=\"https:\/\/t.co\/Bh7a1AiAI9\">https:\/\/t.co\/Bh7a1AiAI9<\/a> <a href=\"https:\/\/t.co\/xtXANoVOe7\">pic.twitter.com\/xtXANoVOe7<\/a><\/p>&mdash; Zona Roja Oaxaca (@ZonaRoja_Oaxaca) <a href=\"https:\/\/twitter.com\/ZonaRoja_Oaxaca\/status\/1626636721080389634?ref_src=twsrc%5Etfw\">17 de febrero de 2023<\/a><\/blockquote><\/div>\n<\/div><\/figure>\n\n\n\n<p>NI UNA AGRESI\u00d3N M\u00c1S<\/p>\n\n\n\n<p>En entrevista para ZONA ROJA, periodistas de Oaxaca alzaron la voz para exigir un alto a la obstrucci\u00f3n violenta de su trabajo, por parte de autoridades, organizaciones y sociedad en general.<\/p>\n\n\n\n<p>Ra\u00fal Franco manifest\u00f3 que la marcha de este viernes es para recordar a las autoridades y sociedad que con la libertad de expresi\u00f3n est\u00e1n garantizadas otras libertades en nuestra constituci\u00f3n, por lo que es necesario defenderla.&nbsp;<\/p>\n\n\n\n<p>El clamor de justicia, y cero impunidad, dijo, es cada vez m\u00e1s alto ante la lentitud de las investigaciones.&nbsp;<\/p>\n\n\n\n<p>\u201cSi le apuestan a que nos olvidemos de lo que ocurre, nosotros saldremos las veces que sean necesarias\u201d, sostuvo el comunicador.<\/p>\n\n\n\n<p>Las agresiones a mujeres periodistas tambi\u00e9n son un hecho, por ello Nere Gonz\u00e1lez, una de las v\u00edctimas de estos hechos, subray\u00f3 sobre la importancia de sostener la unidad entre el gremio para demostrar a las autoridades que la exigencia de justicia est\u00e1 vigente.&nbsp;<\/p>\n\n\n\n<p>Demand\u00f3 al nuevo fiscal, Bernardo Rodr\u00edguez Alamilla, desempolvar todos los casos que siguen pendientes, lo que marcar\u00eda un precedente en uno de los estados donde la labor del periodismo es de alto riesgo.<\/p>\n\n\n\n<p>Por su parte, la periodista Sayra Cruz, puntualiz\u00f3 sobre la incesante ola de violencia al gremio debido a la impunidad y sostuvo que al gobierno s\u00f3lo le importan los medios para repetir sus mensajes, m\u00e1s no para defender sus derechos, lo cual se agrava ante las agresiones y obstaculizaci\u00f3n de funcionarios cuando un reportero busca de mayor informaci\u00f3n.<\/p>\n\n\n\n<p>En ese sentido, tras una conferencia con funcionarios en la materia de Seguridad en Oaxaca, realizada el pasado 16 de febrero en Palacio de Gobierno, donde personal de Comunicaci\u00f3n Social del Gobierno del Estado obstaculiz\u00f3 la labor period\u00edstica del medio Revista Tuc\u00e1n al intentar entrevistar al secretario de Seguridad, Iv\u00e1n Garc\u00eda.&nbsp;<\/p>\n","protected":false},"excerpt":{"rendered":"<p>Yuridiana Sosa\/Zona Roja.&nbsp; Oaxaca de Ju\u00e1rez, Oax., a 17 de febrero de 2023.- Desde hace&hellip;<\/p>\n","protected":false},"author":2,"featured_media":51779,"comment_status":"closed","ping_status":"open","sticky":false,"template":"","format":"standard","meta":{"_lmt_disableupdate":"","_lmt_disable":"","_jetpack_memberships_contains_paid_content":false,"footnotes":""},"categories":[109,47],"tags":[3063],"class_list":["post-51778","post","type-post","status-publish","format-standard","has-post-thumbnail","hentry","category-minuto-a-minuto","category-zona-gris","tag-periodismo-en-riesgo-oaxaca"],"jetpack_featured_media_url":"https:\/\/zonaroja.com.mx\/wp-content\/uploads\/2023\/02\/Protesta-periodistas-Oaxaca.jpg","jetpack_sharing_enabled":true,"_links":{"self":[{"href":"https:\/\/zonaroja.com.mx\/index.php?rest_route=\/wp\/v2\/posts\/51778","targetHints":{"allow":["GET"]}}],"collection":[{"href":"https:\/\/zonaroja.com.mx\/index.php?rest_route=\/wp\/v2\/posts"}],"about":[{"href":"https:\/\/zonaroja.com.mx\/index.php?rest_route=\/wp\/v2\/types\/post"}],"author":[{"embeddable":true,"href":"https:\/\/zonaroja.com.mx\/index.php?rest_route=\/wp\/v2\/users\/2"}],"replies":[{"embeddable":true,"href":"https:\/\/zonaroja.com.mx\/index.php?rest_route=%2Fwp%2Fv2%2Fcomments&post=51778"}],"version-history":[{"count":1,"href":"https:\/\/zonaroja.com.mx\/index.php?rest_route=\/wp\/v2\/posts\/51778\/revisions"}],"predecessor-version":[{"id":51780,"href":"https:\/\/zonaroja.com.mx\/index.php?rest_route=\/wp\/v2\/posts\/51778\/revisions\/51780"}],"wp:featuredmedia":[{"embeddable":true,"href":"https:\/\/zonaroja.com.mx\/index.php?rest_route=\/wp\/v2\/media\/51779"}],"wp:attachment":[{"href":"https:\/\/zonaroja.com.mx\/index.php?rest_route=%2Fwp%2Fv2%2Fmedia&parent=51778"}],"wp:term":[{"taxonomy":"category","embeddable":true,"href":"https:\/\/zonaroja.com.mx\/index.php?rest_route=%2Fwp%2Fv2%2Fcategories&post=51778"},{"taxonomy":"post_tag","embeddable":true,"href":"https:\/\/zonaroja.com.mx\/index.php?rest_route=%2Fwp%2Fv2%2Ftags&post=51778"}],"curies":[{"name":"wp","href":"https:\/\/api.w.org\/{rel}","templated":true}]}}