{"id":51781,"date":"2023-02-17T19:55:54","date_gmt":"2023-02-18T01:55:54","guid":{"rendered":"http:\/\/www.zonaroja.com.mx\/?p=51781"},"modified":"2023-02-17T19:55:57","modified_gmt":"2023-02-18T01:55:57","slug":"tras-dos-meses-dirigencia-de-seccion-22-recibe-toma-de-nota-y-declara-lucha-al-gobierno","status":"publish","type":"post","link":"https:\/\/zonaroja.com.mx\/?p=51781","title":{"rendered":"Tras dos meses, dirigencia de Secci\u00f3n 22 recibe Toma de Nota y declara lucha al gobierno"},"content":{"rendered":"\n<p>Yuridiana Sosa\/Zona Roja.<\/p>\n\n\n\n<p>Oaxaca de Ju\u00e1rez, Oax., a 17 de febrero de 2023.- Con el documento de la Toma de Nota, que reconoce a la nueva dirigencia, la Secci\u00f3n 22 del Sindicato Nacional de Trabajadores de la Educaci\u00f3n (SNTE) se declar\u00f3 lista legalmente para emprender la lucha de los derechos de las bases contra el gobierno de Oaxaca y Federal.<\/p>\n\n\n\n<p>En conferencia de prensa de este viernes, el Comit\u00e9 Ejecutivo Seccional dio a conocer que desde el pasado 27 de enero, a dos meses de su elecci\u00f3n, el SNTE les dio el reconocimiento estatutario y legal en el que se respalda el nombramiento de los 157 compa\u00f1eros que conforman el comit\u00e9.<\/p>\n\n\n\n<p>El documento es una muestra de la fuerza de la Secci\u00f3n 22 del SNTE, adherida a la Coordinadora Nacional de la Educaci\u00f3n (CNTE), se\u00f1al\u00f3 la secretaria general de la Secci\u00f3n 22, Yenni Aracely P\u00e9rez Mart\u00ednez.<\/p>\n\n\n\n<p>\u201cAquellos que pensaron que pod\u00edan acabar con el MDTEO (Movimiento Democr\u00e1tico de Trabajadores de la Educaci\u00f3n en Oaxaca) se equivocaron, aquellos que pensaron vernos de rodillas ante el estado, se confundieron\u201d, sentenci\u00f3 la lideresa.<\/p>\n\n\n\n<p>Con la Toma de Nota que les da legalidad, la dirigencia se reunir\u00e1 por primera vez para negociar su pliego de peticiones con el Gobierno de Oaxaca el pr\u00f3ximo 22 de febrero, anunciaron.<\/p>\n\n\n\n<p>Sin precisar la totalidad de los puntos que contiene su pliego de peticiones, la gremial destac\u00f3 que las demandas son educativas, administrativas, sociales y pol\u00edtico-sindicales, varias de ellas son planteamientos pendientes que la dirigencia pasada no cubri\u00f3.<\/p>\n\n\n\n<p>La Secci\u00f3n 22 exigi\u00f3 que la mesa con el Gobierno de Oaxaca sea de car\u00e1cter resolutivo.<\/p>\n\n\n\n<p>Entre otra de las demandas, apuntaron, se encuentra la contrataci\u00f3n directa de los egresados normalistas, por lo que sostuvo que la contrataci\u00f3n por medio del Sistema de la Carrera de las Maestras y los Maestros (USICAMM) no pasar\u00e1 en Oaxaca.&nbsp;<\/p>\n\n\n\n<p>DAR\u00c1N BATALLA&nbsp;<\/p>\n\n\n\n<p>\u201cEl mensaje es para todos, nuestra combativa Secci\u00f3n 22 est\u00e1 m\u00e1s fuera que nunca y estamos listos para dar la batalla\u201d, sentenci\u00f3 la secretaria general.<\/p>\n\n\n\n<p>Destac\u00f3 que hasta el momento el gobierno de la cuarta transformaci\u00f3n ha dado muestra de la continuidad de falacias, con reformas laborales y administrativas que afectan a los trabajadores\u201d, agreg\u00f3.&nbsp;<\/p>\n\n\n\n<p>Ante esa situaci\u00f3n recalc\u00f3 que sostendr\u00e1n la unidad y el movimiento en las calles, con la independencia de cualquier partido pol\u00edtico y gobierno.\u00a0<\/p>\n\n\n\n<figure class=\"wp-block-embed is-type-rich is-provider-twitter wp-block-embed-twitter\"><div class=\"wp-block-embed__wrapper\">\n<div class=\"twitter-tweet\"><blockquote class=\"twitter-tweet\" data-lang=\"es\"><p lang=\"es\" dir=\"ltr\">La secretaria General de la Secci\u00f3n 22 del SNTE, Yeni Aracely P\u00e9rez Mart\u00ednez, destac\u00f3 el logro de haber alcanzado finalmente la Toma de Nota, con lo cual reforzar\u00e1n la labor sindical a favor de los agremiados. <a href=\"https:\/\/t.co\/TMlVIP4GIA\">pic.twitter.com\/TMlVIP4GIA<\/a><\/p>&mdash; Zona Roja Oaxaca (@ZonaRoja_Oaxaca) <a href=\"https:\/\/twitter.com\/ZonaRoja_Oaxaca\/status\/1626687996018966528?ref_src=twsrc%5Etfw\">17 de febrero de 2023<\/a><\/blockquote><\/div>\n<\/div><\/figure>\n","protected":false},"excerpt":{"rendered":"<p>Yuridiana Sosa\/Zona Roja. Oaxaca de Ju\u00e1rez, Oax., a 17 de febrero de 2023.- Con el&hellip;<\/p>\n","protected":false},"author":2,"featured_media":51782,"comment_status":"closed","ping_status":"open","sticky":false,"template":"","format":"standard","meta":{"_lmt_disableupdate":"","_lmt_disable":"","_jetpack_memberships_contains_paid_content":false,"footnotes":""},"categories":[109,46],"tags":[312],"class_list":["post-51781","post","type-post","status-publish","format-standard","has-post-thumbnail","hentry","category-minuto-a-minuto","category-zona-blanca","tag-seccion-22-del-snte"],"jetpack_featured_media_url":"https:\/\/zonaroja.com.mx\/wp-content\/uploads\/2023\/02\/Conferencia-de-prensa-Seccion-22-del-SNTE.jpeg","jetpack_sharing_enabled":true,"_links":{"self":[{"href":"https:\/\/zonaroja.com.mx\/index.php?rest_route=\/wp\/v2\/posts\/51781","targetHints":{"allow":["GET"]}}],"collection":[{"href":"https:\/\/zonaroja.com.mx\/index.php?rest_route=\/wp\/v2\/posts"}],"about":[{"href":"https:\/\/zonaroja.com.mx\/index.php?rest_route=\/wp\/v2\/types\/post"}],"author":[{"embeddable":true,"href":"https:\/\/zonaroja.com.mx\/index.php?rest_route=\/wp\/v2\/users\/2"}],"replies":[{"embeddable":true,"href":"https:\/\/zonaroja.com.mx\/index.php?rest_route=%2Fwp%2Fv2%2Fcomments&post=51781"}],"version-history":[{"count":1,"href":"https:\/\/zonaroja.com.mx\/index.php?rest_route=\/wp\/v2\/posts\/51781\/revisions"}],"predecessor-version":[{"id":51783,"href":"https:\/\/zonaroja.com.mx\/index.php?rest_route=\/wp\/v2\/posts\/51781\/revisions\/51783"}],"wp:featuredmedia":[{"embeddable":true,"href":"https:\/\/zonaroja.com.mx\/index.php?rest_route=\/wp\/v2\/media\/51782"}],"wp:attachment":[{"href":"https:\/\/zonaroja.com.mx\/index.php?rest_route=%2Fwp%2Fv2%2Fmedia&parent=51781"}],"wp:term":[{"taxonomy":"category","embeddable":true,"href":"https:\/\/zonaroja.com.mx\/index.php?rest_route=%2Fwp%2Fv2%2Fcategories&post=51781"},{"taxonomy":"post_tag","embeddable":true,"href":"https:\/\/zonaroja.com.mx\/index.php?rest_route=%2Fwp%2Fv2%2Ftags&post=51781"}],"curies":[{"name":"wp","href":"https:\/\/api.w.org\/{rel}","templated":true}]}}