{"id":51787,"date":"2023-02-18T06:53:45","date_gmt":"2023-02-18T12:53:45","guid":{"rendered":"http:\/\/www.zonaroja.com.mx\/?p=51787"},"modified":"2023-02-18T06:53:48","modified_gmt":"2023-02-18T12:53:48","slug":"grave-de-salud-mujer-atacada-a-balazos-en-la-ciudad-de-oaxaca","status":"publish","type":"post","link":"https:\/\/zonaroja.com.mx\/?p=51787","title":{"rendered":"Grave de salud, mujer atacada a balazos en la ciudad de Oaxaca"},"content":{"rendered":"\n<p>Ismael Garc\u00eda M.\/Zona Roja.<\/p>\n\n\n\n<p>Oaxaca de Ju\u00e1rez, Oax., 18 de febrero de 2023.- En menos de 24 horas, se registr\u00f3 otro ataque a balazos en la ciudad de Oaxaca y ahora fue en contra de una mujer.<\/p>\n\n\n\n<p>Fue la noche del jueves 16 de febrero, aproximadamente a las 20:00 horas en que sujetos armados ingresaron a la casa de G. R. V., de 20 a\u00f1os de edad, ubicada en la calle Rub\u00ed 108 de la colonia La Joya de San Mart\u00edn Mexic\u00e1pam, agencia municipal de Oaxaca capital.<\/p>\n\n\n\n<p>Fueron al menos cuatro sujetos que arribaron de manera violenta, uno de los cuales dispar\u00f3 en contra de la mujer, tras lo cual huyeron, presuntamente en un coche tipo Sentra, marca Sentra, color rojo.<\/p>\n\n\n\n<p>De acuerdo con testimonios de la familia, los individuos portaban armas largas y cortas de grueso calibre y supuestamente se trataba de un asalto; sin embargo, tras lesionar a la joven, se dieron a la fuga.<\/p>\n\n\n\n<p>La v\u00edctima fue trasladada por sus familiares al Hospital General \u201cDr. Aurelio Valdivieso\u201d de la ciudad de Oaxaca, donde la reportan grave de salud, debido a varios impactos de arma de fuego, algunos a la altura del est\u00f3mago.<\/p>\n\n\n\n<p>El \u00e1rea de feminicidios de la Fiscal\u00eda General del Estado de Oaxaca inici\u00f3 las investigaciones correspondientes, para dar con la identidad de los responsables.<\/p>\n\n\n\n<p>La misma noche del jueves y casi a la misma hora, una persona del sexo masculino fue asesinada a balazos en la colonia La Cascada de la ciudad de Oaxaca, donde perdi\u00f3 la vida.<\/p>\n","protected":false},"excerpt":{"rendered":"<p>Ismael Garc\u00eda M.\/Zona Roja. Oaxaca de Ju\u00e1rez, Oax., 18 de febrero de 2023.- En menos&hellip;<\/p>\n","protected":false},"author":2,"featured_media":29993,"comment_status":"closed","ping_status":"open","sticky":false,"template":"","format":"standard","meta":{"_lmt_disableupdate":"","_lmt_disable":"","_jetpack_memberships_contains_paid_content":false,"footnotes":""},"categories":[109,47],"tags":[148],"class_list":["post-51787","post","type-post","status-publish","format-standard","has-post-thumbnail","hentry","category-minuto-a-minuto","category-zona-gris","tag-oaxaca-de-juarez"],"jetpack_featured_media_url":"https:\/\/zonaroja.com.mx\/wp-content\/uploads\/2021\/07\/Escena-balazos.jpg","jetpack_sharing_enabled":true,"_links":{"self":[{"href":"https:\/\/zonaroja.com.mx\/index.php?rest_route=\/wp\/v2\/posts\/51787","targetHints":{"allow":["GET"]}}],"collection":[{"href":"https:\/\/zonaroja.com.mx\/index.php?rest_route=\/wp\/v2\/posts"}],"about":[{"href":"https:\/\/zonaroja.com.mx\/index.php?rest_route=\/wp\/v2\/types\/post"}],"author":[{"embeddable":true,"href":"https:\/\/zonaroja.com.mx\/index.php?rest_route=\/wp\/v2\/users\/2"}],"replies":[{"embeddable":true,"href":"https:\/\/zonaroja.com.mx\/index.php?rest_route=%2Fwp%2Fv2%2Fcomments&post=51787"}],"version-history":[{"count":1,"href":"https:\/\/zonaroja.com.mx\/index.php?rest_route=\/wp\/v2\/posts\/51787\/revisions"}],"predecessor-version":[{"id":51788,"href":"https:\/\/zonaroja.com.mx\/index.php?rest_route=\/wp\/v2\/posts\/51787\/revisions\/51788"}],"wp:featuredmedia":[{"embeddable":true,"href":"https:\/\/zonaroja.com.mx\/index.php?rest_route=\/wp\/v2\/media\/29993"}],"wp:attachment":[{"href":"https:\/\/zonaroja.com.mx\/index.php?rest_route=%2Fwp%2Fv2%2Fmedia&parent=51787"}],"wp:term":[{"taxonomy":"category","embeddable":true,"href":"https:\/\/zonaroja.com.mx\/index.php?rest_route=%2Fwp%2Fv2%2Fcategories&post=51787"},{"taxonomy":"post_tag","embeddable":true,"href":"https:\/\/zonaroja.com.mx\/index.php?rest_route=%2Fwp%2Fv2%2Ftags&post=51787"}],"curies":[{"name":"wp","href":"https:\/\/api.w.org\/{rel}","templated":true}]}}