{"id":51794,"date":"2023-02-18T10:18:00","date_gmt":"2023-02-18T16:18:00","guid":{"rendered":"http:\/\/www.zonaroja.com.mx\/?p=51794"},"modified":"2023-02-18T07:21:55","modified_gmt":"2023-02-18T13:21:55","slug":"vinculan-a-proceso-y-dictan-prision-a-probables-agresores-de-periodista","status":"publish","type":"post","link":"https:\/\/zonaroja.com.mx\/?p=51794","title":{"rendered":"Vinculan a proceso y dictan prisi\u00f3n a probables agresores de periodista"},"content":{"rendered":"\n<p>Redacci\u00f3n\/Zona Roja Cdmx.<\/p>\n\n\n\n<p>Ciudad de M\u00e9xico, a 18 de febrero de 2023.- La&nbsp;Fiscal\u00eda General de Justicia de Ciudad de M\u00e9xico(FGJCDMX) inform\u00f3 que llev\u00f3 a proceso a&nbsp;11&nbsp;personas por su probable participaci\u00f3n en la comisi\u00f3n del delito de&nbsp;asociaci\u00f3n&nbsp;delictuosa; tres&nbsp;de ellos por la posible comisi\u00f3n del delito de&nbsp;homicidio&nbsp;en grado de&nbsp;tentativa, en agravio del&nbsp;periodista&nbsp;Ciro G\u00f3mez Leyva, ocurrido el 15 de diciembre en la capital mexicana.<\/p>\n\n\n\n<p>Ese d\u00eda,&nbsp;G\u00f3mez Leyva, uno de los periodistas radiof\u00f3nicos m\u00e1s populares de M\u00e9xico y fuerte critico del presidente Andr\u00e9s Manuel L\u00f3pez Obrador, fue atacado por dos personas que dispararon en su contra con la intenci\u00f3n de asesinarlo.<\/p>\n\n\n\n<p>En un&nbsp;comunicado, la&nbsp;Fiscal\u00eda&nbsp;inform\u00f3 que present\u00f3 datos de prueba s\u00f3lidos, para que un juez de control vinculara a proceso (abriera juicio) a&nbsp;11 personas.<\/p>\n\n\n\n<p>Se apunt\u00f3 que durante la audiencia de cumplimiento de orden de&nbsp;aprehensi\u00f3n, ejecutada por polic\u00edas de la&nbsp;Secretar\u00eda de Seguridad Ciudadana&nbsp;(SSC), el representante social de la Coordinaci\u00f3n General de Investigaci\u00f3n de Delitos de Alto Impacto formul\u00f3 imputaci\u00f3n contra dichas personas y solicit\u00f3 la vinculaci\u00f3n a proceso.<\/p>\n\n\n\n<p>\u201cLa medida cautelar impuesta fue la prisi\u00f3n preventiva, durante los&nbsp;cuatro meses&nbsp;que fij\u00f3 el juez de control para el cierre de la investigaci\u00f3n complementaria\u201d, apunt\u00f3 la nota.<\/p>\n\n\n\n<p>Adem\u00e1s, se\u00f1al\u00f3 que a otro hombre se le formular\u00e1 imputaci\u00f3n el s\u00e1bado por la posible&nbsp;comisi\u00f3n&nbsp;de ambos&nbsp;delitos.<\/p>\n\n\n\n<p>Los&nbsp;11 vinculados&nbsp;a proceso, son seis hombres y cinco mujeres, quienes desde enero pasado se encuentran en reclusi\u00f3n, tras ser vinculados a proceso por su probable participaci\u00f3n en delitos contra la salud y violaci\u00f3n a la Ley Federal de Armas de Fuego y Explosivos.<\/p>\n\n\n\n<p>El atentado ha causado pol\u00e9mica en&nbsp;M\u00e9xico&nbsp;por tratarse de uno de los comunicadores m\u00e1s reconocidos del pa\u00eds y por la cobertura cr\u00edtica que hace al presidente&nbsp;L\u00f3pez Obrador, quien prometi\u00f3 que el crimen no quedar\u00e1 impune pese a las diferencias ideol\u00f3gicas.<\/p>\n\n\n\n<p>G\u00f3mez Leyva&nbsp;denunci\u00f3 el 16 de diciembre que dos personas en una&nbsp;motocicleta&nbsp;le dispararon a 200 metros de su casa con la \u201cclara intenci\u00f3n\u201d de asesinarlo.<\/p>\n\n\n\n<p>En 2022 M\u00e9xico se consolid\u00f3 como el \u201cpa\u00eds en paz\u201d m\u00e1s peligroso para la prensa, al concentrar el 20 por ciento de los asesinatos de periodistas en el mundo, con 13 casos, seg\u00fan&nbsp;Reporteros Sin Fronteras.<\/p>\n\n\n\n<p>(Con informaci\u00f3n de EFE en L\u00f3pez-D\u00f3riga Digital)<\/p>\n","protected":false},"excerpt":{"rendered":"<p>Redacci\u00f3n\/Zona Roja Cdmx. Ciudad de M\u00e9xico, a 18 de febrero de 2023.- La&nbsp;Fiscal\u00eda General de&hellip;<\/p>\n","protected":false},"author":2,"featured_media":49493,"comment_status":"closed","ping_status":"open","sticky":false,"template":"","format":"standard","meta":{"_lmt_disableupdate":"","_lmt_disable":"","_jetpack_memberships_contains_paid_content":false,"footnotes":""},"categories":[109,47],"tags":[3354],"class_list":["post-51794","post","type-post","status-publish","format-standard","has-post-thumbnail","hentry","category-minuto-a-minuto","category-zona-gris","tag-ciro-gomez-leyva"],"jetpack_featured_media_url":"https:\/\/zonaroja.com.mx\/wp-content\/uploads\/2022\/12\/Ciro-Gonez-Leyva.jpeg","jetpack_sharing_enabled":true,"_links":{"self":[{"href":"https:\/\/zonaroja.com.mx\/index.php?rest_route=\/wp\/v2\/posts\/51794","targetHints":{"allow":["GET"]}}],"collection":[{"href":"https:\/\/zonaroja.com.mx\/index.php?rest_route=\/wp\/v2\/posts"}],"about":[{"href":"https:\/\/zonaroja.com.mx\/index.php?rest_route=\/wp\/v2\/types\/post"}],"author":[{"embeddable":true,"href":"https:\/\/zonaroja.com.mx\/index.php?rest_route=\/wp\/v2\/users\/2"}],"replies":[{"embeddable":true,"href":"https:\/\/zonaroja.com.mx\/index.php?rest_route=%2Fwp%2Fv2%2Fcomments&post=51794"}],"version-history":[{"count":1,"href":"https:\/\/zonaroja.com.mx\/index.php?rest_route=\/wp\/v2\/posts\/51794\/revisions"}],"predecessor-version":[{"id":51795,"href":"https:\/\/zonaroja.com.mx\/index.php?rest_route=\/wp\/v2\/posts\/51794\/revisions\/51795"}],"wp:featuredmedia":[{"embeddable":true,"href":"https:\/\/zonaroja.com.mx\/index.php?rest_route=\/wp\/v2\/media\/49493"}],"wp:attachment":[{"href":"https:\/\/zonaroja.com.mx\/index.php?rest_route=%2Fwp%2Fv2%2Fmedia&parent=51794"}],"wp:term":[{"taxonomy":"category","embeddable":true,"href":"https:\/\/zonaroja.com.mx\/index.php?rest_route=%2Fwp%2Fv2%2Fcategories&post=51794"},{"taxonomy":"post_tag","embeddable":true,"href":"https:\/\/zonaroja.com.mx\/index.php?rest_route=%2Fwp%2Fv2%2Ftags&post=51794"}],"curies":[{"name":"wp","href":"https:\/\/api.w.org\/{rel}","templated":true}]}}