{"id":51799,"date":"2023-02-18T08:19:34","date_gmt":"2023-02-18T14:19:34","guid":{"rendered":"http:\/\/www.zonaroja.com.mx\/?p=51799"},"modified":"2023-02-18T08:19:36","modified_gmt":"2023-02-18T14:19:36","slug":"confirma-la-fiscalia-aprehension-de-regidor-de-oaxaca-por-violentados","status":"publish","type":"post","link":"https:\/\/zonaroja.com.mx\/?p=51799","title":{"rendered":"Confirma la Fiscal\u00eda aprehensi\u00f3n de regidor de Oaxaca por violentados"},"content":{"rendered":"\n<p>Redacci\u00f3n\/Zona Roja.<\/p>\n\n\n\n<p>Oaxaca de Ju\u00e1rez, Oax., a 18 de febrero de 2023.- Fuentes de la Fiscal\u00eda General del Estado de Oaxaca confirmaron la aprehensi\u00f3n de Joel Iv\u00e1n M. R., quien fung\u00eda como regidor del ayuntamiento de la Villa de Etla, acusado de violencia sexual.<\/p>\n\n\n\n<p>La detenci\u00f3n ocurri\u00f3 el pasado jueves y este domingo el juez de la causa determinar\u00e1 su situaci\u00f3n jur\u00eddica.<\/p>\n\n\n\n<p>De acuerdo con la informaci\u00f3n, est\u00e1 acusado de hostigamiento sexual y por difundir im\u00e1genes de contenido sexual sin consentimiento de las v\u00edctimas.<\/p>\n\n\n\n<p>De acuerdo con el expediente penal, el imputado fungi\u00f3 como profesor de una preparatoria, donde obligaba a sus v\u00edctimas a compartir im\u00e1genes con contenido sexual que luego difundi\u00f3, ademas de que otras j\u00f3venes lo acusaron de hostigamiento y ataque sexual.<\/p>\n\n\n\n<p>El implicado, quien ademas fue candidato del PRI a presidente municipal tiene en su contra al menos una denuncia de una de varias v\u00edctimas, que lo acusan de compartir im\u00e1genes de contenido sexual sin su consentimiento.<\/p>\n\n\n\n<p>V\u00eda redes sociales, la v\u00edctima hizo p\u00fablicos los se\u00f1alamientos graves de violaci\u00f3n, abuso sexual y otros delitos, por lo cual la Fiscal\u00eda General del Estado inici\u00f3 las indagatorias.<\/p>\n\n\n\n<p>El sujeto se escudaba que era militante activo del Partido Revolucionario Institucional y que insulso justificaba que ten\u00eda entonces la protecci\u00f3n del gobierno que encabez\u00f3 Alejandro Murat Hinojosa.<\/p>\n","protected":false},"excerpt":{"rendered":"<p>Redacci\u00f3n\/Zona Roja. Oaxaca de Ju\u00e1rez, Oax., a 18 de febrero de 2023.- Fuentes de la&hellip;<\/p>\n","protected":false},"author":2,"featured_media":51803,"comment_status":"closed","ping_status":"open","sticky":false,"template":"","format":"standard","meta":{"_lmt_disableupdate":"","_lmt_disable":"","_jetpack_memberships_contains_paid_content":false,"footnotes":""},"categories":[109,47],"tags":[3439],"class_list":["post-51799","post","type-post","status-publish","format-standard","has-post-thumbnail","hentry","category-minuto-a-minuto","category-zona-gris","tag-joel-ivan-m-r"],"jetpack_featured_media_url":"https:\/\/zonaroja.com.mx\/wp-content\/uploads\/2023\/02\/Agresor-sexual-Joel-I-M-R.jpg","jetpack_sharing_enabled":true,"_links":{"self":[{"href":"https:\/\/zonaroja.com.mx\/index.php?rest_route=\/wp\/v2\/posts\/51799","targetHints":{"allow":["GET"]}}],"collection":[{"href":"https:\/\/zonaroja.com.mx\/index.php?rest_route=\/wp\/v2\/posts"}],"about":[{"href":"https:\/\/zonaroja.com.mx\/index.php?rest_route=\/wp\/v2\/types\/post"}],"author":[{"embeddable":true,"href":"https:\/\/zonaroja.com.mx\/index.php?rest_route=\/wp\/v2\/users\/2"}],"replies":[{"embeddable":true,"href":"https:\/\/zonaroja.com.mx\/index.php?rest_route=%2Fwp%2Fv2%2Fcomments&post=51799"}],"version-history":[{"count":1,"href":"https:\/\/zonaroja.com.mx\/index.php?rest_route=\/wp\/v2\/posts\/51799\/revisions"}],"predecessor-version":[{"id":51805,"href":"https:\/\/zonaroja.com.mx\/index.php?rest_route=\/wp\/v2\/posts\/51799\/revisions\/51805"}],"wp:featuredmedia":[{"embeddable":true,"href":"https:\/\/zonaroja.com.mx\/index.php?rest_route=\/wp\/v2\/media\/51803"}],"wp:attachment":[{"href":"https:\/\/zonaroja.com.mx\/index.php?rest_route=%2Fwp%2Fv2%2Fmedia&parent=51799"}],"wp:term":[{"taxonomy":"category","embeddable":true,"href":"https:\/\/zonaroja.com.mx\/index.php?rest_route=%2Fwp%2Fv2%2Fcategories&post=51799"},{"taxonomy":"post_tag","embeddable":true,"href":"https:\/\/zonaroja.com.mx\/index.php?rest_route=%2Fwp%2Fv2%2Ftags&post=51799"}],"curies":[{"name":"wp","href":"https:\/\/api.w.org\/{rel}","templated":true}]}}