{"id":51806,"date":"2023-02-18T10:20:00","date_gmt":"2023-02-18T16:20:00","guid":{"rendered":"http:\/\/www.zonaroja.com.mx\/?p=51806"},"modified":"2023-02-18T08:22:10","modified_gmt":"2023-02-18T14:22:10","slug":"presidenta-del-dif-de-santa-lucia-atiende-necesidad-de-poblacion-desprotegida","status":"publish","type":"post","link":"https:\/\/zonaroja.com.mx\/?p=51806","title":{"rendered":"Presidenta del DIF de Santa Luc\u00eda atiende necesidad de poblaci\u00f3n desprotegida"},"content":{"rendered":"\n<p>Redacci\u00f3n\/Zona Roja.<\/p>\n\n\n\n<p>Oaxaca de Ju\u00e1rez, Oax., a 18 de febrero de 2023.- Desde hace m\u00e1s de un a\u00f1o, la presidenta honoraria del Sistema DIF Municipal de Santa Luc\u00eda del Camino, Bety Santos, trabaja diariamente para atender las necesidades de los grupos m\u00e1s vulnerables del municipio, dando prioridad a ni\u00f1as, ni\u00f1os y adultos mayores.<\/p>\n\n\n\n<p>Es por eso, que en d\u00edas recientes visit\u00f3 a la se\u00f1ora Dolores en su casa ubicada en la colonia Jos\u00e9 L\u00f3pez Portillo; al escuchar sus limitaciones de movilidad, le entreg\u00f3 una silla de ruedas para que sea un apoyo para moverse dentro de su hogar y tener mayor independencia.<\/p>\n\n\n\n<p>Mismo caso ocurri\u00f3 con la peque\u00f1a Zoe, quien vive con su familia en la colonia Fernando G\u00f3mez Sandoval, a quien la Presidenta Honoraria del DIF Municipal, le entreg\u00f3 una silla de ruedas, as\u00ed como un detalle para que se divierta y conviva con sus familiares en un entorno entretenido y que fomente la convivencia entre todos.<\/p>\n\n\n\n<p>Finalmente, con motivo del D\u00eda del Amor y la Amistad, Bety Santos acudi\u00f3 a la Estancia de D\u00eda, misma que opera los 365 d\u00edas del a\u00f1o, donde pudo convivir con los adultos mayores que disfrutan de las actividades que se ofrecen en este lugar; en esta convivencia, degustaron un platillo muy rico y partieron un pastel para celebrar este d\u00eda.<\/p>\n\n\n\n<p>As\u00ed, la esposa del Presidente Municipal Juan Carlos Garc\u00eda M\u00e1rquez, demuestra diariamente su compromiso para mejorar la calidad de vida de las y los habitantes de Santa Luc\u00eda del Camino, brind\u00e1ndoles una atenci\u00f3n de calidad y cercana, para que sientan en ella una aliada para la soluci\u00f3n de sus problem\u00e1ticas.<\/p>\n","protected":false},"excerpt":{"rendered":"<p>Redacci\u00f3n\/Zona Roja. Oaxaca de Ju\u00e1rez, Oax., a 18 de febrero de 2023.- Desde hace m\u00e1s&hellip;<\/p>\n","protected":false},"author":2,"featured_media":51800,"comment_status":"closed","ping_status":"open","sticky":false,"template":"","format":"standard","meta":{"_lmt_disableupdate":"","_lmt_disable":"","_jetpack_memberships_contains_paid_content":false,"footnotes":""},"categories":[109,46],"tags":[337],"class_list":["post-51806","post","type-post","status-publish","format-standard","has-post-thumbnail","hentry","category-minuto-a-minuto","category-zona-blanca","tag-santa-lucia-del-camino"],"jetpack_featured_media_url":"https:\/\/zonaroja.com.mx\/wp-content\/uploads\/2023\/02\/Bety-Santos-Santa-Lucia-del-Camino.jpg","jetpack_sharing_enabled":true,"_links":{"self":[{"href":"https:\/\/zonaroja.com.mx\/index.php?rest_route=\/wp\/v2\/posts\/51806","targetHints":{"allow":["GET"]}}],"collection":[{"href":"https:\/\/zonaroja.com.mx\/index.php?rest_route=\/wp\/v2\/posts"}],"about":[{"href":"https:\/\/zonaroja.com.mx\/index.php?rest_route=\/wp\/v2\/types\/post"}],"author":[{"embeddable":true,"href":"https:\/\/zonaroja.com.mx\/index.php?rest_route=\/wp\/v2\/users\/2"}],"replies":[{"embeddable":true,"href":"https:\/\/zonaroja.com.mx\/index.php?rest_route=%2Fwp%2Fv2%2Fcomments&post=51806"}],"version-history":[{"count":1,"href":"https:\/\/zonaroja.com.mx\/index.php?rest_route=\/wp\/v2\/posts\/51806\/revisions"}],"predecessor-version":[{"id":51807,"href":"https:\/\/zonaroja.com.mx\/index.php?rest_route=\/wp\/v2\/posts\/51806\/revisions\/51807"}],"wp:featuredmedia":[{"embeddable":true,"href":"https:\/\/zonaroja.com.mx\/index.php?rest_route=\/wp\/v2\/media\/51800"}],"wp:attachment":[{"href":"https:\/\/zonaroja.com.mx\/index.php?rest_route=%2Fwp%2Fv2%2Fmedia&parent=51806"}],"wp:term":[{"taxonomy":"category","embeddable":true,"href":"https:\/\/zonaroja.com.mx\/index.php?rest_route=%2Fwp%2Fv2%2Fcategories&post=51806"},{"taxonomy":"post_tag","embeddable":true,"href":"https:\/\/zonaroja.com.mx\/index.php?rest_route=%2Fwp%2Fv2%2Ftags&post=51806"}],"curies":[{"name":"wp","href":"https:\/\/api.w.org\/{rel}","templated":true}]}}