{"id":51808,"date":"2023-02-18T11:22:00","date_gmt":"2023-02-18T17:22:00","guid":{"rendered":"http:\/\/www.zonaroja.com.mx\/?p=51808"},"modified":"2023-02-18T11:40:59","modified_gmt":"2023-02-18T17:40:59","slug":"p1-6","status":"publish","type":"post","link":"https:\/\/zonaroja.com.mx\/?p=51808","title":{"rendered":"Violencia criminal en Oaxaca alcanza a menores; matan a un ni\u00f1o y una ni\u00f1a"},"content":{"rendered":"\n<p>Redacci\u00f3n\/Zona Roja.&nbsp;<\/p>\n\n\n\n<p>Oaxaca de Ju\u00e1rez, Oax., a 18 de febrero de 2023.- La violencia criminal escal\u00f3 este s\u00e1bado en Oaxaca y ahora alcanz\u00f3 a dos menores de edad, de nueve y seis a\u00f1os.<\/p>\n\n\n\n<p>A un costado de la carretera que comunica de Juchit\u00e1n de Zaragoza con El Espinal, fueron hallados dos cuerpos presuntamente sin vida y con huellas de violencia.&nbsp;<\/p>\n\n\n\n<p>Seg\u00fan datos extraoficiales, respondieron en vida a los nombres de Perla y Daniel, quienes ten\u00edan su domicilio en la colonia Fidel Pe\u00f1a de Juchit\u00e1n. <\/p>\n\n\n\n<p>Hasta el momento el Gobierno del Estado de Oaxaca no ha emitido ninguna informaci\u00f3n.&nbsp;<\/p>\n\n\n\n<p>La Vicescal\u00eda Regional del Istmo, de la Fiscal\u00eda General del Estado inici\u00f3 las indagatorias correspondientes. <\/p>\n","protected":false},"excerpt":{"rendered":"<p>Redacci\u00f3n\/Zona Roja.&nbsp; Oaxaca de Ju\u00e1rez, Oax., a 18 de febrero de 2023.- La violencia criminal&hellip;<\/p>\n","protected":false},"author":2,"featured_media":51814,"comment_status":"closed","ping_status":"open","sticky":false,"template":"","format":"standard","meta":{"_lmt_disableupdate":"","_lmt_disable":"","_jetpack_memberships_contains_paid_content":false,"footnotes":""},"categories":[109,51],"tags":[],"class_list":["post-51808","post","type-post","status-publish","format-standard","has-post-thumbnail","hentry","category-minuto-a-minuto","category-zona-roja"],"jetpack_featured_media_url":"https:\/\/zonaroja.com.mx\/wp-content\/uploads\/2023\/02\/img_5538.jpg","jetpack_sharing_enabled":true,"_links":{"self":[{"href":"https:\/\/zonaroja.com.mx\/index.php?rest_route=\/wp\/v2\/posts\/51808","targetHints":{"allow":["GET"]}}],"collection":[{"href":"https:\/\/zonaroja.com.mx\/index.php?rest_route=\/wp\/v2\/posts"}],"about":[{"href":"https:\/\/zonaroja.com.mx\/index.php?rest_route=\/wp\/v2\/types\/post"}],"author":[{"embeddable":true,"href":"https:\/\/zonaroja.com.mx\/index.php?rest_route=\/wp\/v2\/users\/2"}],"replies":[{"embeddable":true,"href":"https:\/\/zonaroja.com.mx\/index.php?rest_route=%2Fwp%2Fv2%2Fcomments&post=51808"}],"version-history":[{"count":2,"href":"https:\/\/zonaroja.com.mx\/index.php?rest_route=\/wp\/v2\/posts\/51808\/revisions"}],"predecessor-version":[{"id":51815,"href":"https:\/\/zonaroja.com.mx\/index.php?rest_route=\/wp\/v2\/posts\/51808\/revisions\/51815"}],"wp:featuredmedia":[{"embeddable":true,"href":"https:\/\/zonaroja.com.mx\/index.php?rest_route=\/wp\/v2\/media\/51814"}],"wp:attachment":[{"href":"https:\/\/zonaroja.com.mx\/index.php?rest_route=%2Fwp%2Fv2%2Fmedia&parent=51808"}],"wp:term":[{"taxonomy":"category","embeddable":true,"href":"https:\/\/zonaroja.com.mx\/index.php?rest_route=%2Fwp%2Fv2%2Fcategories&post=51808"},{"taxonomy":"post_tag","embeddable":true,"href":"https:\/\/zonaroja.com.mx\/index.php?rest_route=%2Fwp%2Fv2%2Ftags&post=51808"}],"curies":[{"name":"wp","href":"https:\/\/api.w.org\/{rel}","templated":true}]}}