{"id":51810,"date":"2023-02-18T17:23:00","date_gmt":"2023-02-18T23:23:00","guid":{"rendered":"http:\/\/www.zonaroja.com.mx\/?p=51810"},"modified":"2023-02-18T18:17:48","modified_gmt":"2023-02-19T00:17:48","slug":"p2-5","status":"publish","type":"post","link":"https:\/\/zonaroja.com.mx\/?p=51810","title":{"rendered":"Detiene Fiscal\u00eda a una persona, tras la muerte de dos menores en el Istmo"},"content":{"rendered":"\n<p>Ismael Garc\u00eda M.\/Zona Roja.<\/p>\n\n\n\n<p>Oaxaca.- Una persona fue detenida y est\u00e1 siendo interrogada por la Fiscal\u00eda General del Estado de Oaxaca, tras el probable homicidio de dos menores de edad en la regi\u00f3n del Istmo de Tehuantepec. <\/p>\n\n\n\n<p>El presunto responsable a\u00fan no ha sido identificado pero podr\u00eda tratarse de Wilber A., padre de los dos menores identificados como Perla y Daniel. <\/p>\n\n\n\n<p>La madre de los peque\u00f1os -que hab\u00edan desaparecido desde al menos tres d\u00edas antes pero lo cual no se hab\u00eda reportado- al parecer los abandon\u00f3 desde hace tiempo. <\/p>\n\n\n\n<p>A trav\u00e9s de las redes sociales, la Fiscal\u00eda General del Estado de Oaxaca, que encabeza Bernardo Rodr\u00edguez Alamilla, dio a conocer que inici\u00f3 las investigaciones luego del hallazgo de una ni\u00f1a y un ni\u00f1o sin vida, la ma\u00f1ana de este s\u00e1bado a un costado la carretera Canal 33, en el tramo El Espinal-Juchit\u00e1n de Zaragoza.<\/p>\n\n\n\n<p>\u201cLa FGEO ha desplegado un equipo multidisciplinario para realizar las primeras indagatorias, y actualmente, una persona se encuentra detenida y declarando en relaci\u00f3n a los hechos.<\/p>\n\n\n\n<p>\u201cLa Fiscal\u00eda reafirma su compromiso de realizar una investigaci\u00f3n objetiva y diligente que permita dar con los responsables de este lamentable hecho\u201d, dijo la instituci\u00f3n.&nbsp;<\/p>\n\n\n\n<p>Hasta el momento no se ha dado a conocer la forma en que perdieron la vida los menores pero se estableci\u00f3 que tienen huellas de violencia. <\/p>\n\n\n\n<figure class=\"wp-block-embed\"><div class=\"wp-block-embed__wrapper\">\n<div class=\"twitter-tweet\"><blockquote class=\"twitter-tweet\" data-lang=\"es\"><p lang=\"es\" dir=\"ltr\">La Fiscal\u00eda reafirma su compromiso de realizar una investigaci\u00f3n objetiva y diligente que permita dar con los responsables de este lamentable hecho.<\/p>&mdash; Fiscal\u00eda General (@FISCALIA_GobOax) <a href=\"https:\/\/twitter.com\/FISCALIA_GobOax\/status\/1627052445288497155?ref_src=twsrc%5Etfw\">18 de febrero de 2023<\/a><\/blockquote><\/div>\n<\/div><\/figure>\n","protected":false},"excerpt":{"rendered":"<p>Ismael Garc\u00eda M.\/Zona Roja. Oaxaca.- Una persona fue detenida y est\u00e1 siendo interrogada por la&hellip;<\/p>\n","protected":false},"author":2,"featured_media":51816,"comment_status":"closed","ping_status":"open","sticky":false,"template":"","format":"standard","meta":{"_lmt_disableupdate":"","_lmt_disable":"","_jetpack_memberships_contains_paid_content":false,"footnotes":""},"categories":[109,51],"tags":[],"class_list":["post-51810","post","type-post","status-publish","format-standard","has-post-thumbnail","hentry","category-minuto-a-minuto","category-zona-roja"],"jetpack_featured_media_url":"https:\/\/zonaroja.com.mx\/wp-content\/uploads\/2023\/02\/7f585986-bc5f-498a-9191-28f4c07c5e98.jpg","jetpack_sharing_enabled":true,"_links":{"self":[{"href":"https:\/\/zonaroja.com.mx\/index.php?rest_route=\/wp\/v2\/posts\/51810","targetHints":{"allow":["GET"]}}],"collection":[{"href":"https:\/\/zonaroja.com.mx\/index.php?rest_route=\/wp\/v2\/posts"}],"about":[{"href":"https:\/\/zonaroja.com.mx\/index.php?rest_route=\/wp\/v2\/types\/post"}],"author":[{"embeddable":true,"href":"https:\/\/zonaroja.com.mx\/index.php?rest_route=\/wp\/v2\/users\/2"}],"replies":[{"embeddable":true,"href":"https:\/\/zonaroja.com.mx\/index.php?rest_route=%2Fwp%2Fv2%2Fcomments&post=51810"}],"version-history":[{"count":2,"href":"https:\/\/zonaroja.com.mx\/index.php?rest_route=\/wp\/v2\/posts\/51810\/revisions"}],"predecessor-version":[{"id":51817,"href":"https:\/\/zonaroja.com.mx\/index.php?rest_route=\/wp\/v2\/posts\/51810\/revisions\/51817"}],"wp:featuredmedia":[{"embeddable":true,"href":"https:\/\/zonaroja.com.mx\/index.php?rest_route=\/wp\/v2\/media\/51816"}],"wp:attachment":[{"href":"https:\/\/zonaroja.com.mx\/index.php?rest_route=%2Fwp%2Fv2%2Fmedia&parent=51810"}],"wp:term":[{"taxonomy":"category","embeddable":true,"href":"https:\/\/zonaroja.com.mx\/index.php?rest_route=%2Fwp%2Fv2%2Fcategories&post=51810"},{"taxonomy":"post_tag","embeddable":true,"href":"https:\/\/zonaroja.com.mx\/index.php?rest_route=%2Fwp%2Fv2%2Ftags&post=51810"}],"curies":[{"name":"wp","href":"https:\/\/api.w.org\/{rel}","templated":true}]}}