{"id":51812,"date":"2023-02-18T14:23:00","date_gmt":"2023-02-18T20:23:00","guid":{"rendered":"http:\/\/www.zonaroja.com.mx\/?p=51812"},"modified":"2023-02-18T19:45:02","modified_gmt":"2023-02-19T01:45:02","slug":"p3","status":"publish","type":"post","link":"https:\/\/zonaroja.com.mx\/?p=51812","title":{"rendered":"\u00a1Luchar\u00e1n a dos de tres mezcales sin l\u00edmite de tiempo! Duelo de Cocteles llega a Oaxaca"},"content":{"rendered":"\n<p>Yuridiana Sosa\/Zona Roja.&nbsp;<\/p>\n\n\n\n<p>Oaxaca de Ju\u00e1rez, Oax., a 18 de febrero de 2023.- Rudos, t\u00e9cnicos y hasta los ex\u00f3ticos, con m\u00e1scara y de cabellera, \u00a1Luchar\u00e1n de dos a tres mezcales sin l\u00edmite de tiempo! sobre las barras para demostrar qui\u00e9n es el mejor bartender de Oaxaca, en lo que es el primer duelo de c\u00f3cteles en la entidad.&nbsp;<\/p>\n\n\n\n<p>El santo, el cavernario, bluedemon y el bulldog &nbsp;son la inspiraci\u00f3n para que los 16 participantes del mundo de la mixolog\u00eda demuestren su talento detr\u00e1s y sobre las barras, ocupando como principal elemento el mezcal.&nbsp;<\/p>\n\n\n\n<p>Duelo de cocteles en una competencia de cocteler\u00eda inspirada en el mundo de la lucha libre mexicana, en la que se convoca a bartenders que jugar\u00e1n un rol de luchadores, quienes se enfrentar\u00e1n en tres rounds, bajo un sistema de versus uno a uno, y en cada ronda realizar\u00e1n la presentaci\u00f3n de sus mezclas.<\/p>\n\n\n\n<p>Este primer encuentro en Oaxaca, con una historia previa a nivel nacional de cinco ediciones, se considera el inicio de una nueva disciplina en la que la comunidad del bartender podr\u00e1 impulsar su talento en el ring de las diferentes barras.&nbsp;<\/p>\n\n\n\n<p>\u00a1M\u00e9tele la wilson, m\u00e9tele la nelson, la quebradora y el tirabuz\u00f3n, quitale el candado, p\u00edcale los ojos, j\u00e1lale los pelos, sacalo del ring! Todo para que el mejor gane en esta competencia que inici\u00f3 este 18 de febrero y finalizar\u00e1&nbsp;el 12 de marzo&nbsp;en la etapa estatal, para despu\u00e9s subir al nivel nacional.<\/p>\n\n\n\n<p>Los 16 \u201cluchadores\u201d fueron seleccionados previamente a trav\u00e9s de una convocatoria en la que enviaron un c\u00f3ctel inspirado en la lucha libre. <\/p>\n\n\n\n<figure class=\"wp-block-embed\"><div class=\"wp-block-embed__wrapper\">\n<div class=\"twitter-tweet\"><blockquote class=\"twitter-tweet\" data-lang=\"es\"><p lang=\"es\" dir=\"ltr\"><a href=\"https:\/\/twitter.com\/hashtag\/ENVIVO?src=hash&amp;ref_src=twsrc%5Etfw\">#ENVIVO<\/a><br>Oaxaca de Ju\u00e1rez, Oax., a 17 de febrero de 2023.- Conferencia de prensa para anunciar el duelo de cocteles a base de mezcal, por primera vez en Oaxaca.<br><br>Transmisi\u00f3n \ud83d\udc47<a href=\"https:\/\/t.co\/2XgYGfhv8N\">https:\/\/t.co\/2XgYGfhv8N<\/a> <a href=\"https:\/\/t.co\/CuXbXlDctR\">pic.twitter.com\/CuXbXlDctR<\/a><\/p>&mdash; Zona Roja Oaxaca (@ZonaRoja_Oaxaca) <a href=\"https:\/\/twitter.com\/ZonaRoja_Oaxaca\/status\/1626719833722089472?ref_src=twsrc%5Etfw\">17 de febrero de 2023<\/a><\/blockquote><\/div>\n<\/div><\/figure>\n\n\n\n<p>Entre el jurado de la competencia se encuentra la luchadora oaxaque\u00f1a \u201cThormenta\u201d, quien ser\u00e1 la encargada de calificar la integraci\u00f3n de los elementos de su deporte en el mundo de las bebidas en bares.&nbsp;<\/p>\n\n\n\n<p>Por su parte, el mix\u00f3logo, Israel Su\u00e1rez Aguilar, apunt\u00f3 que este duelo es un reto para cada bartender y la oportunidad para resaltar la cocteler\u00eda oaxaque\u00f1a a trav\u00e9s de la diversidad de mezcales con las que se cuenta en la entidad.<\/p>\n\n\n\n<p>Son las marcas locales de esta bebida de Oaxaca los encargados de darle sabor, misticismo, rudeza e intensidad al duelo.&nbsp;<\/p>\n\n\n\n<p>La fiesta inicia con una calenda este s\u00e1bado, tras la cual seis competidores se enfrentar\u00e1n por primera vez; el duelo continuar\u00e1 con 10 participantes m\u00e1s el domingo en los octavos de final.<\/p>\n\n\n\n<p>Los cuartos de final se llevar\u00e1n a cabo el 26 de febrero y el cinco de marzo la semifinal, cerrando la lucha oaxaque\u00f1a el 12 de marzo y la gran final nacional el 28 de marzo. <\/p>\n","protected":false},"excerpt":{"rendered":"<p>Yuridiana Sosa\/Zona Roja.&nbsp; Oaxaca de Ju\u00e1rez, Oax., a 18 de febrero de 2023.- Rudos, t\u00e9cnicos&hellip;<\/p>\n","protected":false},"author":2,"featured_media":51818,"comment_status":"closed","ping_status":"open","sticky":false,"template":"","format":"standard","meta":{"_lmt_disableupdate":"","_lmt_disable":"","_jetpack_memberships_contains_paid_content":false,"footnotes":""},"categories":[109,46],"tags":[],"class_list":["post-51812","post","type-post","status-publish","format-standard","has-post-thumbnail","hentry","category-minuto-a-minuto","category-zona-blanca"],"jetpack_featured_media_url":"https:\/\/zonaroja.com.mx\/wp-content\/uploads\/2023\/02\/img_5684.jpg","jetpack_sharing_enabled":true,"_links":{"self":[{"href":"https:\/\/zonaroja.com.mx\/index.php?rest_route=\/wp\/v2\/posts\/51812","targetHints":{"allow":["GET"]}}],"collection":[{"href":"https:\/\/zonaroja.com.mx\/index.php?rest_route=\/wp\/v2\/posts"}],"about":[{"href":"https:\/\/zonaroja.com.mx\/index.php?rest_route=\/wp\/v2\/types\/post"}],"author":[{"embeddable":true,"href":"https:\/\/zonaroja.com.mx\/index.php?rest_route=\/wp\/v2\/users\/2"}],"replies":[{"embeddable":true,"href":"https:\/\/zonaroja.com.mx\/index.php?rest_route=%2Fwp%2Fv2%2Fcomments&post=51812"}],"version-history":[{"count":3,"href":"https:\/\/zonaroja.com.mx\/index.php?rest_route=\/wp\/v2\/posts\/51812\/revisions"}],"predecessor-version":[{"id":51820,"href":"https:\/\/zonaroja.com.mx\/index.php?rest_route=\/wp\/v2\/posts\/51812\/revisions\/51820"}],"wp:featuredmedia":[{"embeddable":true,"href":"https:\/\/zonaroja.com.mx\/index.php?rest_route=\/wp\/v2\/media\/51818"}],"wp:attachment":[{"href":"https:\/\/zonaroja.com.mx\/index.php?rest_route=%2Fwp%2Fv2%2Fmedia&parent=51812"}],"wp:term":[{"taxonomy":"category","embeddable":true,"href":"https:\/\/zonaroja.com.mx\/index.php?rest_route=%2Fwp%2Fv2%2Fcategories&post=51812"},{"taxonomy":"post_tag","embeddable":true,"href":"https:\/\/zonaroja.com.mx\/index.php?rest_route=%2Fwp%2Fv2%2Ftags&post=51812"}],"curies":[{"name":"wp","href":"https:\/\/api.w.org\/{rel}","templated":true}]}}