{"id":51821,"date":"2023-02-18T21:18:07","date_gmt":"2023-02-19T03:18:07","guid":{"rendered":"http:\/\/www.zonaroja.com.mx\/?p=51821"},"modified":"2023-02-18T21:18:09","modified_gmt":"2023-02-19T03:18:09","slug":"oaxaca-capital-a-merced-de-grupos-delictivos-hoy-otro-ejecutado","status":"publish","type":"post","link":"https:\/\/zonaroja.com.mx\/?p=51821","title":{"rendered":"Oaxaca capital, a merced de grupos delictivos: hoy otro ejecutado"},"content":{"rendered":"\n<p>Ismael Garc\u00eda M.\/Zona Roja.<\/p>\n\n\n\n<p>Oaxaca de Ju\u00e1rez, Oax., a 18 de febrero de 2023.- A 48 horas del m\u00e1s reciente crimen, otra persona fue ejecutada a balazos en la ciudad de Oaxaca.<\/p>\n\n\n\n<p>Ocurri\u00f3 esta noche en la colonia Jard\u00edn, zona norte, en que fue atacado a balazos un individuo identificado de manera preliminar como Rodrigo A. S., de oficio mototaxista, quien perdi\u00f3 la vida en el mismo lugar.<\/p>\n\n\n\n<p>Param\u00e9dicos arribaron al sitio para brindarle los primeros auxilios, pero al final corroboraron que ya no contaba con signos vitales.<\/p>\n\n\n\n<p>Hasta el momento se desconoce qui\u00e9n o qui\u00e9nes lo habr\u00edan asesinado, pues en la zona no hab\u00eda polic\u00edas municipales para iniciar de inmediato operativos de b\u00fasqueda.<\/p>\n\n\n\n<p>Apenas el pasado jueves por la noche, en la colonia La Cascada fue ejecutado a balazos un masculino, mientras que en la agencia de San Mart\u00edn Mexic\u00e1pam fue agredida una mujer tambi\u00e9n por disparos de arma de fuego, quien a\u00fan convalece en un nosocomio.<\/p>\n\n\n\n<p>OTRO MUERTO<\/p>\n\n\n\n<p>Por otra parte, en la calle de Libres esquina con Murgu\u00eda, Centro Hist\u00f3rico de la capital, un individuo fue atropellado por una camioneta de reciente modelo, marca Toyota, lugar donde perdi\u00f3 la vida; la v\u00edctima a\u00fan no ha sido identificada y el conductor fue detenido.<\/p>\n\n\n\n<p>Por la ma\u00f1ana, en la zona de comida de la Central de Abasto, una persona del sexo masculino muri\u00f3 por broncoaspiraci\u00f3n, cuando consum\u00eda sus alimentos; a\u00fan no se han proporcionado datos de su identidad.<\/p>\n\n\n\n<figure class=\"wp-block-embed is-type-rich is-provider-twitter wp-block-embed-twitter\"><div class=\"wp-block-embed__wrapper\">\n<div class=\"twitter-tweet\"><blockquote class=\"twitter-tweet\" data-lang=\"es\"><p lang=\"es\" dir=\"ltr\"><a href=\"https:\/\/twitter.com\/hashtag\/%C3%9AltimoMinuto?src=hash&amp;ref_src=twsrc%5Etfw\">#\u00daltimoMinuto<\/a><br>Otro ejecutado en la ciudad de Oaxaca.<br>Ahora en la colonia Jard\u00edn, en la zona norte de la capital.<br>Presuntamente se trata de un mototaxista. <br>Pese al fracaso del secretario Ra\u00fal \u00c1vila Ibarra, el edil <a href=\"https:\/\/twitter.com\/FMartinezNeri?ref_src=twsrc%5Etfw\">@FMartinezNeri<\/a> insiste en mantenerlo en <a href=\"https:\/\/twitter.com\/MunicipioSeguro?ref_src=twsrc%5Etfw\">@MunicipioSeguro<\/a>. <a href=\"https:\/\/t.co\/fwebmzKZct\">pic.twitter.com\/fwebmzKZct<\/a><\/p>&mdash; Zona Roja Oaxaca (@ZonaRoja_Oaxaca) <a href=\"https:\/\/twitter.com\/ZonaRoja_Oaxaca\/status\/1627133706426101766?ref_src=twsrc%5Etfw\">19 de febrero de 2023<\/a><\/blockquote><\/div>\n<\/div><\/figure>\n","protected":false},"excerpt":{"rendered":"<p>Ismael Garc\u00eda M.\/Zona Roja. Oaxaca de Ju\u00e1rez, Oax., a 18 de febrero de 2023.- A&hellip;<\/p>\n","protected":false},"author":2,"featured_media":51822,"comment_status":"closed","ping_status":"open","sticky":false,"template":"","format":"standard","meta":{"_lmt_disableupdate":"","_lmt_disable":"","_jetpack_memberships_contains_paid_content":false,"footnotes":""},"categories":[109,51],"tags":[148],"class_list":["post-51821","post","type-post","status-publish","format-standard","has-post-thumbnail","hentry","category-minuto-a-minuto","category-zona-roja","tag-oaxaca-de-juarez"],"jetpack_featured_media_url":"https:\/\/zonaroja.com.mx\/wp-content\/uploads\/2023\/02\/Ejecutado-colonia-Jardin-ciudad-de-Oaxaca.jpeg","jetpack_sharing_enabled":true,"_links":{"self":[{"href":"https:\/\/zonaroja.com.mx\/index.php?rest_route=\/wp\/v2\/posts\/51821","targetHints":{"allow":["GET"]}}],"collection":[{"href":"https:\/\/zonaroja.com.mx\/index.php?rest_route=\/wp\/v2\/posts"}],"about":[{"href":"https:\/\/zonaroja.com.mx\/index.php?rest_route=\/wp\/v2\/types\/post"}],"author":[{"embeddable":true,"href":"https:\/\/zonaroja.com.mx\/index.php?rest_route=\/wp\/v2\/users\/2"}],"replies":[{"embeddable":true,"href":"https:\/\/zonaroja.com.mx\/index.php?rest_route=%2Fwp%2Fv2%2Fcomments&post=51821"}],"version-history":[{"count":1,"href":"https:\/\/zonaroja.com.mx\/index.php?rest_route=\/wp\/v2\/posts\/51821\/revisions"}],"predecessor-version":[{"id":51823,"href":"https:\/\/zonaroja.com.mx\/index.php?rest_route=\/wp\/v2\/posts\/51821\/revisions\/51823"}],"wp:featuredmedia":[{"embeddable":true,"href":"https:\/\/zonaroja.com.mx\/index.php?rest_route=\/wp\/v2\/media\/51822"}],"wp:attachment":[{"href":"https:\/\/zonaroja.com.mx\/index.php?rest_route=%2Fwp%2Fv2%2Fmedia&parent=51821"}],"wp:term":[{"taxonomy":"category","embeddable":true,"href":"https:\/\/zonaroja.com.mx\/index.php?rest_route=%2Fwp%2Fv2%2Fcategories&post=51821"},{"taxonomy":"post_tag","embeddable":true,"href":"https:\/\/zonaroja.com.mx\/index.php?rest_route=%2Fwp%2Fv2%2Ftags&post=51821"}],"curies":[{"name":"wp","href":"https:\/\/api.w.org\/{rel}","templated":true}]}}