{"id":51824,"date":"2023-02-18T21:21:43","date_gmt":"2023-02-19T03:21:43","guid":{"rendered":"http:\/\/www.zonaroja.com.mx\/?p=51824"},"modified":"2023-02-18T21:21:45","modified_gmt":"2023-02-19T03:21:45","slug":"convoca-ieepco-a-participar-en-la-cuarta-edicion-del-cuaderno-civico-digital","status":"publish","type":"post","link":"https:\/\/zonaroja.com.mx\/?p=51824","title":{"rendered":"Convoca IEEPCO a participar en la cuarta edici\u00f3n del Cuaderno C\u00edvico Digital"},"content":{"rendered":"\n<p>Redacci\u00f3n\/Zona Roja.<\/p>\n\n\n\n<p>Oaxaca de Ju\u00e1rez, Oax., a 18 de febrero de 2023.- La Comisi\u00f3n de Educaci\u00f3n C\u00edvica y Participaci\u00f3n Ciudadana del Instituto Estatal Electoral y de Participaci\u00f3n Ciudadana de Oaxaca (IEEPCO) aprob\u00f3 la convocatoria para que la ciudadan\u00eda participe en la cuarta edici\u00f3n del Cuaderno C\u00edvico Digital, proyecto que presenta art\u00edculos y ensayos en materia electoral.&nbsp;<\/p>\n\n\n\n<p>\u201cA trav\u00e9s de este proyecto, distintas personas de la sociedad civil pueden expresar sus ideas, aportaciones, investigaciones o inquietudes sobre temas importantes como son la democracia, la participaci\u00f3n ciudadana, los derechos electorales, entre otros m\u00e1s\u201d, se\u00f1al\u00f3 el consejero y presidente de la comisi\u00f3n, Alejandro Carrasco Sampedro.&nbsp;<\/p>\n\n\n\n<p>En este sentido, recalc\u00f3 que la convocatoria est\u00e1 abierta del 17 de febrero al 31 de mayo del presente, invitando participar a personas acad\u00e9micas, activistas, divulgadoras cient\u00edficas, investigadoras, profesionistas, funcionariado del IEEPCO, personas integrantes de los partidos pol\u00edticos nacionales y locales.&nbsp;<\/p>\n\n\n\n<p>Asimismo, integrantes de la comunidad estudiantil, ni\u00f1ez oaxaque\u00f1a, sociedad civil, pueblos originarios, poblaci\u00f3n con discapacidad, poblaci\u00f3n migrante, poblaci\u00f3n de la diversidad sexual y de g\u00e9nero, as\u00ed como a cualquier persona interesada.&nbsp;<\/p>\n\n\n\n<p>En la convocatoria se especifica que los temas de esta edici\u00f3n son \u201cTecnolog\u00eda y Democracia: el voto electr\u00f3nico\u201d, \u201cDerechos pol\u00edtico-electorales de la comunidad migrante\u201d, \u201cDerechos Humanos y pol\u00edticos de personas en prisi\u00f3n preventiva\u201d y \u201cReelecci\u00f3n legislativa\u201d.&nbsp;<\/p>\n\n\n\n<p>Adem\u00e1s, \u201cAbstencionismo electoral en Oaxaca: Proceso Electoral Local 2022\u201d, \u201cReforma pol\u00edtico-electoral nacional 2022-2023\u201d, \u201cTransparencia y rendici\u00f3n de cuentas en el sector p\u00fablico; Democracia y diversidad cultural\u201d, \u201cDerechos de las personas con discapacidad; Derechos pol\u00edticos-electorales de las poblaciones LGBT\u201d y \u201cParticipaci\u00f3n Pol\u00edtica de las mujeres\u201d.&nbsp;<\/p>\n\n\n\n<p>Por otra parte, las ni\u00f1as y ni\u00f1os que deseen participar, podr\u00e1n hacerlo con la presentaci\u00f3n de un cuento, relato o dibujo, que verse sobre alguno de estos temas.&nbsp;<\/p>\n\n\n\n<p>La convocatoria completa est\u00e1 disponible en www.ieepco.org.mx\/cuaderno-civico-digital.&nbsp;<\/p>\n","protected":false},"excerpt":{"rendered":"<p>Redacci\u00f3n\/Zona Roja. Oaxaca de Ju\u00e1rez, Oax., a 18 de febrero de 2023.- La Comisi\u00f3n de&hellip;<\/p>\n","protected":false},"author":2,"featured_media":51825,"comment_status":"closed","ping_status":"open","sticky":false,"template":"","format":"standard","meta":{"_lmt_disableupdate":"","_lmt_disable":"","_jetpack_memberships_contains_paid_content":false,"footnotes":""},"categories":[109,46],"tags":[2932],"class_list":["post-51824","post","type-post","status-publish","format-standard","has-post-thumbnail","hentry","category-minuto-a-minuto","category-zona-blanca","tag-instituto-estatal-electoral-y-de-participacion-ciudadana-de-oaxaca-ieepco"],"jetpack_featured_media_url":"https:\/\/zonaroja.com.mx\/wp-content\/uploads\/2023\/02\/flyer-cuaderno-4ta.png","jetpack_sharing_enabled":true,"_links":{"self":[{"href":"https:\/\/zonaroja.com.mx\/index.php?rest_route=\/wp\/v2\/posts\/51824","targetHints":{"allow":["GET"]}}],"collection":[{"href":"https:\/\/zonaroja.com.mx\/index.php?rest_route=\/wp\/v2\/posts"}],"about":[{"href":"https:\/\/zonaroja.com.mx\/index.php?rest_route=\/wp\/v2\/types\/post"}],"author":[{"embeddable":true,"href":"https:\/\/zonaroja.com.mx\/index.php?rest_route=\/wp\/v2\/users\/2"}],"replies":[{"embeddable":true,"href":"https:\/\/zonaroja.com.mx\/index.php?rest_route=%2Fwp%2Fv2%2Fcomments&post=51824"}],"version-history":[{"count":1,"href":"https:\/\/zonaroja.com.mx\/index.php?rest_route=\/wp\/v2\/posts\/51824\/revisions"}],"predecessor-version":[{"id":51826,"href":"https:\/\/zonaroja.com.mx\/index.php?rest_route=\/wp\/v2\/posts\/51824\/revisions\/51826"}],"wp:featuredmedia":[{"embeddable":true,"href":"https:\/\/zonaroja.com.mx\/index.php?rest_route=\/wp\/v2\/media\/51825"}],"wp:attachment":[{"href":"https:\/\/zonaroja.com.mx\/index.php?rest_route=%2Fwp%2Fv2%2Fmedia&parent=51824"}],"wp:term":[{"taxonomy":"category","embeddable":true,"href":"https:\/\/zonaroja.com.mx\/index.php?rest_route=%2Fwp%2Fv2%2Fcategories&post=51824"},{"taxonomy":"post_tag","embeddable":true,"href":"https:\/\/zonaroja.com.mx\/index.php?rest_route=%2Fwp%2Fv2%2Ftags&post=51824"}],"curies":[{"name":"wp","href":"https:\/\/api.w.org\/{rel}","templated":true}]}}