{"id":51830,"date":"2023-02-19T13:36:00","date_gmt":"2023-02-19T19:36:00","guid":{"rendered":"http:\/\/www.zonaroja.com.mx\/?p=51830"},"modified":"2023-02-19T06:38:19","modified_gmt":"2023-02-19T12:38:19","slug":"resurgen-incendios-en-chile-han-dejado-25-personas-calcinadas","status":"publish","type":"post","link":"https:\/\/zonaroja.com.mx\/?p=51830","title":{"rendered":"Resurgen incendios en Chile; han dejado 25 personas calcinadas"},"content":{"rendered":"\n<p>Redacci\u00f3n\/Zona Roja Cdmx.<\/p>\n\n\n\n<p>Ciudad de M\u00e9xico, a 19 de febrero de 2023.- Focos de incendios forestales revivieron con fuerza este s\u00e1bado en las regiones del Biob\u00edo y La Araucan\u00eda, en el sur de Chile, y la ministra del Interior, Carola Toh\u00e1, detall\u00f3 que \u201cel fuego alcanz\u00f3 caracter\u00edsticas muy preocupantes\u00bb en zonas pobladas como la comuna de Teodoro Schmidt y Victoria.&nbsp;<\/p>\n\n\n\n<p>Seg\u00fan explic\u00f3 la secretaria de Estado, durante la jornada de ayer \u201clas cosas se desarrollaron de un modo bastante m\u00e1s severo de lo que se esperaba\u201d en la regi\u00f3n del Biob\u00edo, generando situaciones de mucha \u00abtensi\u00f3n\u00bb en El Cortijo, Santa Ana y Coronel.&nbsp;<\/p>\n\n\n\n<p>Durante el viernes, el Ejecutivo inform\u00f3 que alrededor de un 25% de los incendios registrados en lo que va de 2023 han sido intencionados, fen\u00f3menos que durante las \u00faltimas dos semanas han cobrado al vida de 25 personas y calcinado m\u00e1s de 400 mil hect\u00e1reas a lo largo del pa\u00eds.<\/p>\n\n\n\n<p>Los datos entregados por la jefa de Interior, seg\u00fan detall\u00f3, se basan en evaluaciones realizadas por la Corporaci\u00f3n Nacional Forestal (Conaf), que a la fecha ha investigado 600 siniestros en 2023.<\/p>\n\n\n\n<p>Por su parte, el ministro de Vivienda y Urbanismo, Carlos Montes, declar\u00f3 que \u00abse est\u00e1 corriendo un riesgo muy grande\u00bb con la reactivaci\u00f3n de las llamas en Biob\u00edo y que los siniestros afectan a \u00abpoblaci\u00f3n e industria\u201d.<\/p>\n\n\n\n<p>Luego de encabezar este s\u00e1bado una nueva reuni\u00f3n del Comit\u00e9 de Gesti\u00f3n del Riesgo de Desastres (Cogrid), Montes grafic\u00f3 la situaci\u00f3n: \u201cayer, todos los supuestos que hab\u00eda fueron superados por la realidad: el fuego avanz\u00f3 a un ritmo mayor y con contagios, con saltos a 800 metros, 1 kil\u00f3metro de distancia\u201d.<\/p>\n\n\n\n<p>\u201cHay un trabajo en contener el fuego donde est\u00e1. La Conaf est\u00e1 precisando el plan y qu\u00e9 esfuerzos requiere del Gobierno central, porque requiere un esfuerzo triplicado. El escenario dos, que esto pasara por delante, el contraalmirante est\u00e1 preparando un conjunto de acciones de tal forma de responder a esa eventualidad\u201d, explic\u00f3 el jefe de la cartera de Vivienda.<\/p>\n\n\n\n<p>Durante las \u00faltimas dos semanas, m\u00e1s de 7 mil personas han sido damnificadas durante la emergencia, descrita como una de las peores cat\u00e1strofes sufridas por el pa\u00eds suramericano en materia de incendios forestales.<\/p>\n\n\n\n<p>Hasta este momento, m\u00e1s de 430 mil hect\u00e1reas han sido consumidas por las llamas, 200.000 de ellas registradas en la regi\u00f3n del Biob\u00edo.<\/p>\n\n\n\n<p>(Informaci\u00f3n de la agencia EFE)<\/p>\n","protected":false},"excerpt":{"rendered":"<p>Redacci\u00f3n\/Zona Roja Cdmx. Ciudad de M\u00e9xico, a 19 de febrero de 2023.- Focos de incendios&hellip;<\/p>\n","protected":false},"author":2,"featured_media":51293,"comment_status":"closed","ping_status":"open","sticky":false,"template":"","format":"standard","meta":{"_lmt_disableupdate":"","_lmt_disable":"","_jetpack_memberships_contains_paid_content":false,"footnotes":""},"categories":[109,47],"tags":[900],"class_list":["post-51830","post","type-post","status-publish","format-standard","has-post-thumbnail","hentry","category-minuto-a-minuto","category-zona-gris","tag-chile"],"jetpack_featured_media_url":"https:\/\/zonaroja.com.mx\/wp-content\/uploads\/2023\/02\/Incendios-forestales-Chile.jpeg","jetpack_sharing_enabled":true,"_links":{"self":[{"href":"https:\/\/zonaroja.com.mx\/index.php?rest_route=\/wp\/v2\/posts\/51830","targetHints":{"allow":["GET"]}}],"collection":[{"href":"https:\/\/zonaroja.com.mx\/index.php?rest_route=\/wp\/v2\/posts"}],"about":[{"href":"https:\/\/zonaroja.com.mx\/index.php?rest_route=\/wp\/v2\/types\/post"}],"author":[{"embeddable":true,"href":"https:\/\/zonaroja.com.mx\/index.php?rest_route=\/wp\/v2\/users\/2"}],"replies":[{"embeddable":true,"href":"https:\/\/zonaroja.com.mx\/index.php?rest_route=%2Fwp%2Fv2%2Fcomments&post=51830"}],"version-history":[{"count":1,"href":"https:\/\/zonaroja.com.mx\/index.php?rest_route=\/wp\/v2\/posts\/51830\/revisions"}],"predecessor-version":[{"id":51831,"href":"https:\/\/zonaroja.com.mx\/index.php?rest_route=\/wp\/v2\/posts\/51830\/revisions\/51831"}],"wp:featuredmedia":[{"embeddable":true,"href":"https:\/\/zonaroja.com.mx\/index.php?rest_route=\/wp\/v2\/media\/51293"}],"wp:attachment":[{"href":"https:\/\/zonaroja.com.mx\/index.php?rest_route=%2Fwp%2Fv2%2Fmedia&parent=51830"}],"wp:term":[{"taxonomy":"category","embeddable":true,"href":"https:\/\/zonaroja.com.mx\/index.php?rest_route=%2Fwp%2Fv2%2Fcategories&post=51830"},{"taxonomy":"post_tag","embeddable":true,"href":"https:\/\/zonaroja.com.mx\/index.php?rest_route=%2Fwp%2Fv2%2Ftags&post=51830"}],"curies":[{"name":"wp","href":"https:\/\/api.w.org\/{rel}","templated":true}]}}