{"id":51841,"date":"2023-02-19T07:52:18","date_gmt":"2023-02-19T13:52:18","guid":{"rendered":"http:\/\/www.zonaroja.com.mx\/?p=51841"},"modified":"2023-02-19T07:52:20","modified_gmt":"2023-02-19T13:52:20","slug":"agreden-a-voceador-en-oaxaca-capital-gremio-exige-justicia","status":"publish","type":"post","link":"https:\/\/zonaroja.com.mx\/?p=51841","title":{"rendered":"Agreden a voceador en Oaxaca capital; gremio exige justicia"},"content":{"rendered":"\n<p>Oaxaca.- Un voceador fue agredido a golpes el pasado viernes en calles de la colonia La Cascada de la ciudad de Oaxaca, por lo cual su gremio exigi\u00f3 justicia a las autoridades correspondientes.<\/p>\n\n\n\n<p>El vendedor de peri\u00f3dicos y revistas Guillermo Burgos, hab\u00eda acudido a ofrecer la informaci\u00f3n del d\u00eda, cuando sujetos desconocidos lo golpearon y le exigieron se retirara de la zona.<\/p>\n\n\n\n<p>Ante ello, la Uni\u00f3n de Voceadores y Expendedores de Peri\u00f3dicos, Libros y Revistas del Estado de Oaxaca A. C., dirigieron una misiva p\u00fablica al Presidente Andr\u00e9s Manuel L\u00f3pez Obrador; al gobernador Salom\u00f3n Jara Cruz y al presidente municipal de Oaxaca de Ju\u00e1rez, Francisco Mart\u00ednez Neri.<\/p>\n\n\n\n<p>\u201cCondenamos la acci\u00f3n cobarde y ventajosa en contra de nuestro compa\u00f1ero Guillermo Burgos, agredido cuando s\u00f3lo realizaba su trabajo, que es vender peri\u00f3dicos; le quitaron sus peri\u00f3dicos, lo golpearon y amenazaron.<\/p>\n\n\n\n<p>\u201cLe pedimos a nuestras autoridades, municipales, estatales y federales, que podamos realizar de manera segura nuestra labor de informar, que haga valer nuestro derecho a la libertad de expresi\u00f3n y nuestro derecho al trabajo, consagradas en nuestra Carta Magna.<\/p>\n\n\n\n<p>\u201cNosotros s\u00f3lo somos el \u00faltimo eslab\u00f3n de los medios de comunicaci\u00f3n imperios, nunca ofendemos, nunca agredimos, s\u00f3lo somos parte de esa gran cadena de informaci\u00f3n.&nbsp;<\/p>\n\n\n\n<p>\u201c\u2018No se vale\u2019, nosotros s\u00f3lo pregonamos la informaci\u00f3n que publican los distintos peri\u00f3dicos y como muchos oaxaque\u00f1os vamos al d\u00eda\u201d, estableci\u00f3 la asociaci\u00f3n civil, que encabezan Francisco Celis V\u00e1squez y Jos\u00e9 Luis Mart\u00ednez Acevedo.<\/p>\n","protected":false},"excerpt":{"rendered":"<p>Oaxaca.- Un voceador fue agredido a golpes el pasado viernes en calles de la colonia&hellip;<\/p>\n","protected":false},"author":2,"featured_media":51842,"comment_status":"closed","ping_status":"open","sticky":false,"template":"","format":"standard","meta":{"_lmt_disableupdate":"","_lmt_disable":"","_jetpack_memberships_contains_paid_content":false,"footnotes":""},"categories":[109,47],"tags":[148],"class_list":["post-51841","post","type-post","status-publish","format-standard","has-post-thumbnail","hentry","category-minuto-a-minuto","category-zona-gris","tag-oaxaca-de-juarez"],"jetpack_featured_media_url":"https:\/\/zonaroja.com.mx\/wp-content\/uploads\/2023\/02\/Agresion-voceador-Oaxaca.jpg","jetpack_sharing_enabled":true,"_links":{"self":[{"href":"https:\/\/zonaroja.com.mx\/index.php?rest_route=\/wp\/v2\/posts\/51841","targetHints":{"allow":["GET"]}}],"collection":[{"href":"https:\/\/zonaroja.com.mx\/index.php?rest_route=\/wp\/v2\/posts"}],"about":[{"href":"https:\/\/zonaroja.com.mx\/index.php?rest_route=\/wp\/v2\/types\/post"}],"author":[{"embeddable":true,"href":"https:\/\/zonaroja.com.mx\/index.php?rest_route=\/wp\/v2\/users\/2"}],"replies":[{"embeddable":true,"href":"https:\/\/zonaroja.com.mx\/index.php?rest_route=%2Fwp%2Fv2%2Fcomments&post=51841"}],"version-history":[{"count":1,"href":"https:\/\/zonaroja.com.mx\/index.php?rest_route=\/wp\/v2\/posts\/51841\/revisions"}],"predecessor-version":[{"id":51843,"href":"https:\/\/zonaroja.com.mx\/index.php?rest_route=\/wp\/v2\/posts\/51841\/revisions\/51843"}],"wp:featuredmedia":[{"embeddable":true,"href":"https:\/\/zonaroja.com.mx\/index.php?rest_route=\/wp\/v2\/media\/51842"}],"wp:attachment":[{"href":"https:\/\/zonaroja.com.mx\/index.php?rest_route=%2Fwp%2Fv2%2Fmedia&parent=51841"}],"wp:term":[{"taxonomy":"category","embeddable":true,"href":"https:\/\/zonaroja.com.mx\/index.php?rest_route=%2Fwp%2Fv2%2Fcategories&post=51841"},{"taxonomy":"post_tag","embeddable":true,"href":"https:\/\/zonaroja.com.mx\/index.php?rest_route=%2Fwp%2Fv2%2Ftags&post=51841"}],"curies":[{"name":"wp","href":"https:\/\/api.w.org\/{rel}","templated":true}]}}