{"id":51844,"date":"2023-02-19T08:52:00","date_gmt":"2023-02-19T14:52:00","guid":{"rendered":"http:\/\/www.zonaroja.com.mx\/?p=51844"},"modified":"2023-02-19T07:58:55","modified_gmt":"2023-02-19T13:58:55","slug":"permanecen-desaparecidas-12-mujeres-y-ninas-en-oaxaca-reportadas-en-febrero","status":"publish","type":"post","link":"https:\/\/zonaroja.com.mx\/?p=51844","title":{"rendered":"Permanecen desaparecidas 12 mujeres y ni\u00f1as en Oaxaca, reportadas en febrero"},"content":{"rendered":"\n<p>Yuridiana Sosa\/Zona Roja.<\/p>\n\n\n\n<p>Oaxaca de Ju\u00e1rez, Oax., a 18 de febrero de 2023.- Anoche y luego estar desaparecida desde el 15 de febrero, fue localizada la menor Blanca Estela M\u00e9ndez Edison, de 12 a\u00f1os de edad, en Salina Cruz.<\/p>\n\n\n\n<p>Por su caso, sus familiares bloquearon el pasado viernes la carretera en ese municipio; no obstante, luego de labores de la Fiscal\u00eda General del Estado, anoche fue localizada y entregada a sus familiares; presuntamente hab\u00eda huido con el novio.<\/p>\n\n\n\n<p>No obstante, en el tercer mes, el gobierno de Salom\u00f3n Jara Cruz se sigue empa\u00f1ando con las desapariciones diarias de mujeres y ni\u00f1as, que tan solo en lo que va de febrero siguen sin ser localizadas 12 oaxaque\u00f1as, cinco de ellas menores de edad.<\/p>\n\n\n\n<p>Datos de la Unidad de B\u00fasqueda de Personas Desaparecidas y No Localizadas, de la Fiscal\u00eda General de Oaxaca, muestran el dif\u00edcil escenario para las mujeres en la entidad, quienes desaparecen hasta en lugares de alta afluencia.<\/p>\n\n\n\n<p>Entre los casos m\u00e1s recientes, dados a conocer de manera p\u00fablica, se encuentra el de Evelyn Lizbeth P\u00e9rez Garc\u00eda de 20 a\u00f1os de edad, desaparecida el 16 de febrero en la colonia Ejido de Guadalupe Victoria del municipio de Oaxaca Ju\u00e1rez.<\/p>\n\n\n\n<p>Tambi\u00e9n en la capital, en la colonia Reforma &#8211; supuestamente una de las zonas m\u00e1s seguras- fue vista por \u00faltima vez Alexia Desiree Gonz\u00e1lez Colmenares, 18 a\u00f1os el pasado 17 de febrero, cuando se encontraba en la esquina del supermercado Soriana.<\/p>\n\n\n\n<p>Mar\u00eda Luc\u00eda L\u00f3pez Cruz, de 34 a\u00f1os, fue vista por \u00faltima vez el 5 de febrero en Asunci\u00f3n Nochixtl\u00e1n. La mujer iba en compa\u00f1\u00eda de su hijo Alejandro L\u00f3pez L\u00f3pez de dos a\u00f1os de edad.<\/p>\n\n\n\n<p>Mientras que, por el caso de la desaparici\u00f3n de Luna Xiomara Gamboa Andrade, de 12 a\u00f1os, la autoridad activ\u00f3 la Alerta Amber 10\/Alerta-DNOL\/2023; la adolescente fue vista por \u00faltima vez en Santa Cruz Acatepec, sin que hasta el momento se tenga noticia de su paradero se considera que la integridad est\u00e1 en riesgo ya que puede ser v\u00edctima de la comisi\u00f3n de un delito.<\/p>\n\n\n\n<p>Familiares y autoridades piden la colaboraci\u00f3n ciudadana para localizar a Lucero Ru\u00edz Ram\u00edrez, de 20 a\u00f1os, vista por \u00faltima vez desde el 7 de febrero en Santa Cruz Xoxocotl\u00e1n. As\u00ed como para dar con el paradero de Bertha Rosas Ramos, de 34 a\u00f1os, quien desapareci\u00f3 el 4 de febrero en la colonia San Felipe del Agua en Oaxaca de Ju\u00e1rez.<\/p>\n\n\n\n<p>Otros casos reportados este mes son los de Nayeli Nicol\u00e1s Gonz\u00e1lez, de 39 a\u00f1os, y su hija Nirvana Galeana Nicol\u00e1s, cinco a\u00f1os. vistas por \u00faltima vez el 25 de diciembre en San Juan Guachicovi; as\u00ed como el de las hermanas Luna y Ambar Hern\u00e1ndez Bol\u00e1n, de dos a\u00f1os y cuatro a\u00f1os, respectivamente, vistas por \u00faltima vez el 23 de enero en la terminal de autobuses de ADO en Salina Cruz, cuando iban en compa\u00f1\u00eda de su padre Alfonso Hern\u00e1ndez Lucio.<\/p>\n\n\n\n<p>Adem\u00e1s, se agreg\u00f3 el caso de Carolina Mart\u00ednez L\u00f3pez, de 36 a\u00f1os, desaparecida desde el pasado 5 de enero en la poblaci\u00f3n de San Miguel Reagui, de Santiago Camotl\u00e1n.<\/p>\n","protected":false},"excerpt":{"rendered":"<p>Yuridiana Sosa\/Zona Roja. Oaxaca de Ju\u00e1rez, Oax., a 18 de febrero de 2023.- Anoche y&hellip;<\/p>\n","protected":false},"author":2,"featured_media":51845,"comment_status":"closed","ping_status":"open","sticky":false,"template":"","format":"standard","meta":{"_lmt_disableupdate":"","_lmt_disable":"","_jetpack_memberships_contains_paid_content":false,"footnotes":""},"categories":[109,47],"tags":[455],"class_list":["post-51844","post","type-post","status-publish","format-standard","has-post-thumbnail","hentry","category-minuto-a-minuto","category-zona-gris","tag-mujeres-desaparecidas-oaxaca"],"jetpack_featured_media_url":"https:\/\/zonaroja.com.mx\/wp-content\/uploads\/2023\/02\/Desaparecidas-Oaxaca.jpg","jetpack_sharing_enabled":true,"_links":{"self":[{"href":"https:\/\/zonaroja.com.mx\/index.php?rest_route=\/wp\/v2\/posts\/51844","targetHints":{"allow":["GET"]}}],"collection":[{"href":"https:\/\/zonaroja.com.mx\/index.php?rest_route=\/wp\/v2\/posts"}],"about":[{"href":"https:\/\/zonaroja.com.mx\/index.php?rest_route=\/wp\/v2\/types\/post"}],"author":[{"embeddable":true,"href":"https:\/\/zonaroja.com.mx\/index.php?rest_route=\/wp\/v2\/users\/2"}],"replies":[{"embeddable":true,"href":"https:\/\/zonaroja.com.mx\/index.php?rest_route=%2Fwp%2Fv2%2Fcomments&post=51844"}],"version-history":[{"count":1,"href":"https:\/\/zonaroja.com.mx\/index.php?rest_route=\/wp\/v2\/posts\/51844\/revisions"}],"predecessor-version":[{"id":51846,"href":"https:\/\/zonaroja.com.mx\/index.php?rest_route=\/wp\/v2\/posts\/51844\/revisions\/51846"}],"wp:featuredmedia":[{"embeddable":true,"href":"https:\/\/zonaroja.com.mx\/index.php?rest_route=\/wp\/v2\/media\/51845"}],"wp:attachment":[{"href":"https:\/\/zonaroja.com.mx\/index.php?rest_route=%2Fwp%2Fv2%2Fmedia&parent=51844"}],"wp:term":[{"taxonomy":"category","embeddable":true,"href":"https:\/\/zonaroja.com.mx\/index.php?rest_route=%2Fwp%2Fv2%2Fcategories&post=51844"},{"taxonomy":"post_tag","embeddable":true,"href":"https:\/\/zonaroja.com.mx\/index.php?rest_route=%2Fwp%2Fv2%2Ftags&post=51844"}],"curies":[{"name":"wp","href":"https:\/\/api.w.org\/{rel}","templated":true}]}}