{"id":51847,"date":"2023-02-19T11:59:00","date_gmt":"2023-02-19T17:59:00","guid":{"rendered":"http:\/\/www.zonaroja.com.mx\/?p=51847"},"modified":"2023-02-19T15:45:01","modified_gmt":"2023-02-19T21:45:01","slug":"p1-7","status":"publish","type":"post","link":"https:\/\/zonaroja.com.mx\/?p=51847","title":{"rendered":"Siguen matando a las mujeres en Oaxaca; ayer una menor, hoy una adulta"},"content":{"rendered":"\n<p>Ismael Garc\u00eda M.\/Zona Roja.<\/p>\n\n\n\n<p>Oaxaca de Ju\u00e1rez, Oax., a 19 de febrero de 2023.- Un en\u00e9simo probable feminicidio se registr\u00f3 este domingo en Oaxaca, ahora en la Villa de Zaachila, municipio donde fue asesinada una mujer y una menor de edad result\u00f3 lesionada.<\/p>\n\n\n\n<p>Apenas ayer, en el tramo carretero Juchit\u00e1n-El Espinal, municipios de la regi\u00f3n del Istmo, fueron localizados los cuerpos sin vida de una ni\u00f1a de nueve a\u00f1os de edad, Perla A. M., y del ni\u00f1o Daniel A. M., de siete a\u00f1os, presuntamente asesinados por asfixia.<\/p>\n\n\n\n<p>La ma\u00f1ana de hoy en la calle de Jazmines de la colonia Narciso Mendoza, en el municipio de Zaachila, fue descubierto el cuerpo de una mujer, identificada de manera preliminar como Violeta L., de aproximadamente 30 a\u00f1os de edad, con impactos de arma de fuego.<\/p>\n\n\n\n<p>Asimismo, una menor de aproximadamente entre 12 y 14 a\u00f1os de edad, identificada con Vanesa, con varias lesiones de gravedad, y quien fue trasladada a un hospital.<\/p>\n\n\n\n<p>Supuestamente el autor del probable feminicidio e intento de feminicidio fue la pareja de la mujer, identificado como Alejandro S., quien huy\u00f3 de la zona.<\/p>\n\n\n\n<p>Personal policial de la Villa de Zaachila, arrib\u00f3 tarde al sitio por lo cual no pudo detener al probable feminicida; de acuerdo con datos preliminares, dos peque\u00f1as de edad fueron testigos del ataque a la mujer y a la menor de edad.<\/p>\n\n\n\n<p>La Fiscal\u00eda General del Estado de Oaxaca inici\u00f3 las indagatorias correspondientes bajo los protocolos de feminicidio.  <\/p>\n","protected":false},"excerpt":{"rendered":"<p>Ismael Garc\u00eda M.\/Zona Roja. Oaxaca de Ju\u00e1rez, Oax., a 19 de febrero de 2023.- Un&hellip;<\/p>\n","protected":false},"author":2,"featured_media":51851,"comment_status":"closed","ping_status":"open","sticky":false,"template":"","format":"standard","meta":{"_lmt_disableupdate":"","_lmt_disable":"","_jetpack_memberships_contains_paid_content":false,"footnotes":""},"categories":[51],"tags":[610,155],"class_list":["post-51847","post","type-post","status-publish","format-standard","has-post-thumbnail","hentry","category-zona-roja","tag-feminicidios-oaxaca","tag-villa-de-zaachila"],"jetpack_featured_media_url":"https:\/\/zonaroja.com.mx\/wp-content\/uploads\/2023\/02\/Asesinada-Villa-de-Zaachila.jpg","jetpack_sharing_enabled":true,"_links":{"self":[{"href":"https:\/\/zonaroja.com.mx\/index.php?rest_route=\/wp\/v2\/posts\/51847","targetHints":{"allow":["GET"]}}],"collection":[{"href":"https:\/\/zonaroja.com.mx\/index.php?rest_route=\/wp\/v2\/posts"}],"about":[{"href":"https:\/\/zonaroja.com.mx\/index.php?rest_route=\/wp\/v2\/types\/post"}],"author":[{"embeddable":true,"href":"https:\/\/zonaroja.com.mx\/index.php?rest_route=\/wp\/v2\/users\/2"}],"replies":[{"embeddable":true,"href":"https:\/\/zonaroja.com.mx\/index.php?rest_route=%2Fwp%2Fv2%2Fcomments&post=51847"}],"version-history":[{"count":3,"href":"https:\/\/zonaroja.com.mx\/index.php?rest_route=\/wp\/v2\/posts\/51847\/revisions"}],"predecessor-version":[{"id":51852,"href":"https:\/\/zonaroja.com.mx\/index.php?rest_route=\/wp\/v2\/posts\/51847\/revisions\/51852"}],"wp:featuredmedia":[{"embeddable":true,"href":"https:\/\/zonaroja.com.mx\/index.php?rest_route=\/wp\/v2\/media\/51851"}],"wp:attachment":[{"href":"https:\/\/zonaroja.com.mx\/index.php?rest_route=%2Fwp%2Fv2%2Fmedia&parent=51847"}],"wp:term":[{"taxonomy":"category","embeddable":true,"href":"https:\/\/zonaroja.com.mx\/index.php?rest_route=%2Fwp%2Fv2%2Fcategories&post=51847"},{"taxonomy":"post_tag","embeddable":true,"href":"https:\/\/zonaroja.com.mx\/index.php?rest_route=%2Fwp%2Fv2%2Ftags&post=51847"}],"curies":[{"name":"wp","href":"https:\/\/api.w.org\/{rel}","templated":true}]}}