{"id":51853,"date":"2023-02-19T16:19:44","date_gmt":"2023-02-19T22:19:44","guid":{"rendered":"http:\/\/www.zonaroja.com.mx\/?p=51853"},"modified":"2023-02-19T16:19:47","modified_gmt":"2023-02-19T22:19:47","slug":"thormenta-abre-camino-en-la-lucha-libre-para-mujeres-y-contra-violencia-de-genero","status":"publish","type":"post","link":"https:\/\/zonaroja.com.mx\/?p=51853","title":{"rendered":"\u201cThormenta\u201d abre camino en la lucha libre para mujeres y contra violencia de g\u00e9nero"},"content":{"rendered":"\n<p>Yuridiana Sosa\/Zona Roja.<\/p>\n\n\n\n<p>Oaxaca de Ju\u00e1rez, Oax., a 19 de febrero de 2023.- La m\u00e1scara solo guarda su identidad, pero no sus ideales y coraje para vencer los obst\u00e1culos de la vida arriba y abajo del cuadril\u00e1tero.<\/p>\n\n\n\n<p>\u201cThormenta\u201d no se detiene, arrasa con todo a su paso, m\u00e1s si se trata de proteger lo que m\u00e1s ama, a su hija, quien se ha convertido en su fan n\u00famero uno y por quien da sus mejores batallas d\u00eda a d\u00eda.<\/p>\n\n\n\n<p>El destino para \u201cThormenta\u201d como luchadora estuvo marcado desde su infancia, cuenta en entrevista exclusiva para ZONA ROJA, con quien comparti\u00f3 tambi\u00e9n sus sentimientos y pensamientos sobre la violencia contra las mujeres.<\/p>\n\n\n\n<p>LA LUCHA EN SU VIDA<\/p>\n\n\n\n<p>Desde muy peque\u00f1a, \u201cThormenta\u201d conoci\u00f3 el ambiente de las luchas libres; m\u00e1s que saber de los golpes, a trav\u00e9s de este deporte tuvo la oportunidad de reforzar los lazos familiares, pues sus padres la llevaban de forma consecutiva los domingos, como un momento para convivir.<\/p>\n\n\n\n<p>A partir de eso naci\u00f3 su pasi\u00f3n por el ambiente luch\u00edstico; llaves, maniobras a\u00e9reas, m\u00e1scaras y el bullicio de la gente.<\/p>\n\n\n\n<p>Luego de varios a\u00f1os de no pisar una arena, la vida la llev\u00f3 nuevamente a las luchas, y hace ocho a\u00f1os rompi\u00f3 con la l\u00ednea entre ser una espectadora y ser parte de la escena arriba del ring.<\/p>\n\n\n\n<p>\u201cThormenta\u201d, de 33 a\u00f1os de edad, cuenta que s\u00f3lo fue a un entrenamiento, pero se qued\u00f3 y se convirti\u00f3 en una luchadora ruda de la Arena \u201cPepe Cisneros\u201d, en la capital oaxaque\u00f1a.<\/p>\n\n\n\n<p>Como profesional de la lucha libre sabe que los golpes f\u00edsicos para ganar un combate solo de dan entre las cuerdas, por ello tiene el gran reto que eso le quede claro a su hija de 10 a\u00f1os de edad, quien, como ella de peque\u00f1a, se ha vuelto fan de la lucha libre, pero sobre todo de su propia mam\u00e1.<\/p>\n\n\n\n<figure class=\"wp-block-embed is-type-rich is-provider-twitter wp-block-embed-twitter\"><div class=\"wp-block-embed__wrapper\">\n<div class=\"twitter-tweet\"><blockquote class=\"twitter-tweet\" data-lang=\"es\"><p lang=\"es\" dir=\"ltr\">\u00a1Lucharaaaaaaaan a dos de tres ca\u00eddas sin l\u00edmite de tiempooooo!!!<br>Ella es \u201dTormenta\u201d, una chica luchadora oaxaque\u00f1a que tambi\u00e9n da la batalla por la vida. <br>Y contra la violencia hacia las mujeres: \u201c\u00a1que las autoridades tengan m\u00e1s huevos para ejercer la justicia!\u201d. <br>Con\u00f3zcala: <a href=\"https:\/\/t.co\/c9jgAj0E0w\">pic.twitter.com\/c9jgAj0E0w<\/a><\/p>&mdash; Zona Roja Oaxaca (@ZonaRoja_Oaxaca) <a href=\"https:\/\/twitter.com\/ZonaRoja_Oaxaca\/status\/1627065247826874371?ref_src=twsrc%5Etfw\">18 de febrero de 2023<\/a><\/blockquote><\/div>\n<\/div><\/figure>\n\n\n\n<p>La ruda a\u00fan no se preocupa en si su hija seguir\u00e1 sus pasos en la lucha libre, sus esfuerzos los canaliza en sacar adelante a su hija, por lo que debe dividir sus tiempos en su vida laboral diaria, la lucha libre y ser madre.<\/p>\n\n\n\n<p>ABRIR CAMINO<\/p>\n\n\n\n<p>Cuando inici\u00f3 en la lucha libre profesional, eran apenas tres mujeres en Oaxaca las que practicaban este deporte como una forma de vida; al paso de los a\u00f1os, la cuenta ha subido a 12, y aunque no son muchas, es un avance importante en el tema de que las mujeres dejen atr\u00e1s los miedos.<\/p>\n\n\n\n<p>Ante eso, invit\u00f3 a las mujeres, desde corta edad, a practicar este deporte en el que adem\u00e1s de ser un buen ejercicio f\u00edsico que combina varias disciplinas, ayuda a liberar cargas emocionales y el estr\u00e9s.<\/p>\n\n\n\n<p>\u201cThormenta\u201d, siempre imponente, elegante y con su larga cabellera, se encuentra en un momento importante de su carrera, pues el pr\u00f3ximo 26 de febrero competir\u00e1 a nivel nacional por el campeonato de tr\u00edos, junto a sus compa\u00f1eras \u201cColumbia\u201d y \u201cDiosa Quimera\u201d.<\/p>\n\n\n\n<p>En tanto, los fines de semana comparte su talento entre la Arena \u201cPepe Cisneros\u201d y la Arena \u201cEtla\u201d.<\/p>\n\n\n\n<p>FALTAN HUEVOS<\/p>\n\n\n\n<p>La luchadora comparte que es lamentable el grado de violencia homicida en Oaxaca, tanto contra mujeres como contra hombres.<\/p>\n\n\n\n<p>Pero, sobre todo, es m\u00e1s sensible a lo que sufren las mujeres desde las diferentes formas de violencia a las que son v\u00edctimas y considera que prevenir estos actos son posibles como una buena educaci\u00f3n desde temprana edad, fomentando valores y la empat\u00eda; eso es lo que hace y por lo que se esfuerza con su hija.<\/p>\n\n\n\n<p>Sobre la funci\u00f3n del gobierno de Oaxaca y de M\u00e9xico ante esos actos de feminicidios y homicidios, dijo: \u201cA las autoridades (les digo), que tengan m\u00e1s huevos para ejercer la justicia, buscar a los culpables y que hagan su trabajo\u201d.<\/p>\n","protected":false},"excerpt":{"rendered":"<p>Yuridiana Sosa\/Zona Roja. Oaxaca de Ju\u00e1rez, Oax., a 19 de febrero de 2023.- La m\u00e1scara&hellip;<\/p>\n","protected":false},"author":2,"featured_media":51838,"comment_status":"closed","ping_status":"open","sticky":false,"template":"","format":"standard","meta":{"_lmt_disableupdate":"","_lmt_disable":"","_jetpack_memberships_contains_paid_content":false,"footnotes":""},"categories":[109,46],"tags":[3440],"class_list":["post-51853","post","type-post","status-publish","format-standard","has-post-thumbnail","hentry","category-minuto-a-minuto","category-zona-blanca","tag-luchadora-thormenta"],"jetpack_featured_media_url":"https:\/\/zonaroja.com.mx\/wp-content\/uploads\/2023\/02\/Luchadora-Oaxaca-Thormenta-Tormenta.jpg","jetpack_sharing_enabled":true,"_links":{"self":[{"href":"https:\/\/zonaroja.com.mx\/index.php?rest_route=\/wp\/v2\/posts\/51853","targetHints":{"allow":["GET"]}}],"collection":[{"href":"https:\/\/zonaroja.com.mx\/index.php?rest_route=\/wp\/v2\/posts"}],"about":[{"href":"https:\/\/zonaroja.com.mx\/index.php?rest_route=\/wp\/v2\/types\/post"}],"author":[{"embeddable":true,"href":"https:\/\/zonaroja.com.mx\/index.php?rest_route=\/wp\/v2\/users\/2"}],"replies":[{"embeddable":true,"href":"https:\/\/zonaroja.com.mx\/index.php?rest_route=%2Fwp%2Fv2%2Fcomments&post=51853"}],"version-history":[{"count":1,"href":"https:\/\/zonaroja.com.mx\/index.php?rest_route=\/wp\/v2\/posts\/51853\/revisions"}],"predecessor-version":[{"id":51854,"href":"https:\/\/zonaroja.com.mx\/index.php?rest_route=\/wp\/v2\/posts\/51853\/revisions\/51854"}],"wp:featuredmedia":[{"embeddable":true,"href":"https:\/\/zonaroja.com.mx\/index.php?rest_route=\/wp\/v2\/media\/51838"}],"wp:attachment":[{"href":"https:\/\/zonaroja.com.mx\/index.php?rest_route=%2Fwp%2Fv2%2Fmedia&parent=51853"}],"wp:term":[{"taxonomy":"category","embeddable":true,"href":"https:\/\/zonaroja.com.mx\/index.php?rest_route=%2Fwp%2Fv2%2Fcategories&post=51853"},{"taxonomy":"post_tag","embeddable":true,"href":"https:\/\/zonaroja.com.mx\/index.php?rest_route=%2Fwp%2Fv2%2Ftags&post=51853"}],"curies":[{"name":"wp","href":"https:\/\/api.w.org\/{rel}","templated":true}]}}