{"id":51855,"date":"2023-02-19T16:25:17","date_gmt":"2023-02-19T22:25:17","guid":{"rendered":"http:\/\/www.zonaroja.com.mx\/?p=51855"},"modified":"2023-02-19T16:25:21","modified_gmt":"2023-02-19T22:25:21","slug":"tequios-llegan-a-colegios-de-bachilleres-de-oaxaca","status":"publish","type":"post","link":"https:\/\/zonaroja.com.mx\/?p=51855","title":{"rendered":"Tequios llegan a Colegios de Bachilleres de Oaxaca"},"content":{"rendered":"\n<p>Redacci\u00f3n\/Zona Roja.<\/p>\n\n\n\n<p>Oaxaca de Ju\u00e1rez, Oax., 19 de febrero de 2023.- Como una iniciativa para asegurar un ambiente limpio y saludable para la comunidad estudiantil, la directora general del Colegio de Bachilleres del Estado de Oaxaca (Cobao), Ver\u00f3nica Hern\u00e1ndez Gonz\u00e1lez, encabez\u00f3 el Primer Gran Tequio Bienestar Cobao, que se realiz\u00f3 de manera simult\u00e1nea en los 68 planteles y 13 Centros de Educaci\u00f3n Abierta (CEA) de las ocho regiones de la entidad.<\/p>\n\n\n\n<p>Desde el plantel 38 en la Heroica Ciudad de Tlaxiaco, la directora general de esta instituci\u00f3n de educaci\u00f3n media superior arranc\u00f3 la jornada al lado de personal directivo, docente y administrativo; estudiantes, madres y padres de familia; autoridades municipales y militares que fueron convocadas y que se sumaron a esta jornada de bienestar integral.<\/p>\n\n\n\n<p>Esta acci\u00f3n que fue replicada en todos los espacios educativos del estado consisti\u00f3 en la limpieza de aulas, sanitarios, patios principales, fachadas y puertas de acceso, los cuales fueron intervenidos y mejorados por una gran cadena humana que se sum\u00f3 al Primer Gran Tequio Bienestar Cobao.<\/p>\n\n\n\n<p>Al cierre, Ver\u00f3nica Hern\u00e1ndez agradeci\u00f3 a todas las personas que participaron en esta actividad, que adem\u00e1s de impulsar mejoras para el estudiantado, el personal y la comunidad en general, promueve la convivencia y el trabajo colaborativo. Destac\u00f3 que a dos meses y medio del Gobierno de la Primavera Oaxaque\u00f1a se avanza hacia un mejor futuro.<\/p>\n\n\n\n<figure class=\"wp-block-embed is-type-rich is-provider-twitter wp-block-embed-twitter\"><div class=\"wp-block-embed__wrapper\">\n<div class=\"twitter-tweet\"><blockquote class=\"twitter-tweet\" data-lang=\"es\"><p lang=\"es\" dir=\"ltr\">Desde el Plantel 38 de <a href=\"https:\/\/twitter.com\/hashtag\/Tlaxiaco?src=hash&amp;ref_src=twsrc%5Etfw\">#Tlaxiaco<\/a> en la Mixteca, la titular de la instituci\u00f3n <a href=\"https:\/\/twitter.com\/doctoravero?ref_src=twsrc%5Etfw\">@doctoravero<\/a> inaugur\u00f3 el 1er. <a href=\"https:\/\/twitter.com\/hashtag\/TequioBienestarCOBAO?src=hash&amp;ref_src=twsrc%5Etfw\">#TequioBienestarCOBAO<\/a>, simult\u00e1neamente lo hicieron directivos en los 68 planteles del Edo.<br>&quot;Trabajemos juntos para dar un mejor rostro a nuestro hogar educativo&quot;. <a href=\"https:\/\/t.co\/VnqrmGw2jc\">pic.twitter.com\/VnqrmGw2jc<\/a><\/p>&mdash; COBAO (@COBAO_GobOax) <a href=\"https:\/\/twitter.com\/COBAO_GobOax\/status\/1626995589320933377?ref_src=twsrc%5Etfw\">18 de febrero de 2023<\/a><\/blockquote><\/div>\n<\/div><\/figure>\n","protected":false},"excerpt":{"rendered":"<p>Redacci\u00f3n\/Zona Roja. Oaxaca de Ju\u00e1rez, Oax., 19 de febrero de 2023.- Como una iniciativa para&hellip;<\/p>\n","protected":false},"author":2,"featured_media":51856,"comment_status":"closed","ping_status":"open","sticky":false,"template":"","format":"standard","meta":{"_lmt_disableupdate":"","_lmt_disable":"","_jetpack_memberships_contains_paid_content":false,"footnotes":""},"categories":[109,46],"tags":[2883],"class_list":["post-51855","post","type-post","status-publish","format-standard","has-post-thumbnail","hentry","category-minuto-a-minuto","category-zona-blanca","tag-colegio-de-bachilleres-de-oaxaca-cobao"],"jetpack_featured_media_url":"https:\/\/zonaroja.com.mx\/wp-content\/uploads\/2023\/02\/Tequio-Cobao-Mixteca.jpeg","jetpack_sharing_enabled":true,"_links":{"self":[{"href":"https:\/\/zonaroja.com.mx\/index.php?rest_route=\/wp\/v2\/posts\/51855","targetHints":{"allow":["GET"]}}],"collection":[{"href":"https:\/\/zonaroja.com.mx\/index.php?rest_route=\/wp\/v2\/posts"}],"about":[{"href":"https:\/\/zonaroja.com.mx\/index.php?rest_route=\/wp\/v2\/types\/post"}],"author":[{"embeddable":true,"href":"https:\/\/zonaroja.com.mx\/index.php?rest_route=\/wp\/v2\/users\/2"}],"replies":[{"embeddable":true,"href":"https:\/\/zonaroja.com.mx\/index.php?rest_route=%2Fwp%2Fv2%2Fcomments&post=51855"}],"version-history":[{"count":1,"href":"https:\/\/zonaroja.com.mx\/index.php?rest_route=\/wp\/v2\/posts\/51855\/revisions"}],"predecessor-version":[{"id":51857,"href":"https:\/\/zonaroja.com.mx\/index.php?rest_route=\/wp\/v2\/posts\/51855\/revisions\/51857"}],"wp:featuredmedia":[{"embeddable":true,"href":"https:\/\/zonaroja.com.mx\/index.php?rest_route=\/wp\/v2\/media\/51856"}],"wp:attachment":[{"href":"https:\/\/zonaroja.com.mx\/index.php?rest_route=%2Fwp%2Fv2%2Fmedia&parent=51855"}],"wp:term":[{"taxonomy":"category","embeddable":true,"href":"https:\/\/zonaroja.com.mx\/index.php?rest_route=%2Fwp%2Fv2%2Fcategories&post=51855"},{"taxonomy":"post_tag","embeddable":true,"href":"https:\/\/zonaroja.com.mx\/index.php?rest_route=%2Fwp%2Fv2%2Ftags&post=51855"}],"curies":[{"name":"wp","href":"https:\/\/api.w.org\/{rel}","templated":true}]}}