{"id":51858,"date":"2023-02-19T21:50:43","date_gmt":"2023-02-20T03:50:43","guid":{"rendered":"http:\/\/www.zonaroja.com.mx\/?p=51858"},"modified":"2023-02-19T21:50:47","modified_gmt":"2023-02-20T03:50:47","slug":"descansa-mi-amor-descansa-mi-bien-descansa-mi-amor-que-todo-esta-bien","status":"publish","type":"post","link":"https:\/\/zonaroja.com.mx\/?p=51858","title":{"rendered":"\u201cDescansa mi amor, descansa mi bien; descansa mi amor, que todo est\u00e1 bien\u201d"},"content":{"rendered":"\n<p>Ismael Garc\u00eda M.\/Zona Roja. Foto: Cortes\u00eda<\/p>\n\n\n\n<p>Oaxaca de Ju\u00e1rez, Oax., a 19 de febrero de 2023.- Ca\u00eda la tarde. El sol se resguardaba t\u00edmido en el horizonte, acaso para no ver el dolor. Las l\u00e1grimas. El triste adi\u00f3s.<\/p>\n\n\n\n<p>All\u00e1 estaban ya los blancos y puros ata\u00fades. Como sus almas. Como sus sue\u00f1os, opuestos a la vida gris a la que eran obligados en las calles.<\/p>\n\n\n\n<p>En el fondo de la fosa yac\u00edan los cuerpos de Perla y de Daniel. La triste despedida para los hermanitos de nueve y siete a\u00f1os, que fueron asesinados el s\u00e1bado en un tramo carretero de la v\u00eda Juchit\u00e1n-El Espinal.<\/p>\n\n\n\n<p>El cortejo sali\u00f3 por la tarde de la sencilla vivienda, ubicada en la calle Demetrio L\u00f3pez de la colonia Fidel Pe\u00f1a Hern\u00e1ndez de Juchit\u00e1n.<\/p>\n\n\n\n<p>Cientos de personas se unieron al dolor de las almas blancas que sal\u00edan por \u00faltima vez de casa. De esa casa en la que viv\u00edan alegr\u00edas a su modo; tristezas y presiones al modo de otros. \u00bfQui\u00e9n los mat\u00f3? Nadie sabe a\u00fan.<\/p>\n\n\n\n<p>Recorrieron las calles con rumbo a la iglesia; una parada en el monumento a los H\u00e9roes Juchitecos y de ah\u00ed al pante\u00f3n.&nbsp;<\/p>\n\n\n\n<p>Taxis y mototaxis en el acceso al camposanto. El ruido de las bocinas para recibir en su \u00faltima morada a Perla y a Daniel.<\/p>\n\n\n\n<p>Ingresaron al pante\u00f3n \u201cDomingo de Ramos\u201d, entre vivas y gritos de justicia. Flores blancas, muchas; coronas por doquier.<\/p>\n\n\n\n<p>Un mariachi tambi\u00e9n en el acceso, con tristes notas al son de las trompetas: \u201cDescansa mi amor, descansa mi bien; descansa mi amor, que todo est\u00e1 bien\u201d.<\/p>\n\n\n\n<p>Ah\u00ed estaban los ni\u00f1os y las ni\u00f1as que los acompa\u00f1aron. Vestidos de blanco, globos en mano, flores del mismo color. Sus compa\u00f1eritos y maestros de la escuela primaria \u201cSa\u00fal Mart\u00ednez\u201d, que no aceptan el cruel destino de los peque\u00f1os. Apenas hace unos d\u00edas, jugaban, re\u00edan, corr\u00edan por el patio de la escuela.<\/p>\n\n\n\n<p>\u00a1Justicia, justicia, justicia! El grito que se perd\u00eda entre las tumbas; que se llevaba el fuerte viento de \u201cNorte\u201d; que se tragaba el fr\u00edo vespertino; la fr\u00eda tarde dominical del \u00faltimo adi\u00f3s.<\/p>\n\n\n\n<p>M\u00fasica alegre para despedir a los angelitos; m\u00fasica que no lograba disimular el dolor de los juchitecos. Y de todos. \u201cEn una bosque de la China, un chinito se perdi\u00f3\u2026 era de noche, y la chinita, ten\u00eda miedo, miedo ten\u00eda\u201d\u2026, resonaba mientras bajaban los ata\u00fades.&nbsp;<\/p>\n\n\n\n<p>As\u00ed terminaba el proceso f\u00fanebre de dos horas de l\u00e1grimas, de gritos, de exigencias. Pero de eterna tristeza en las familias juchitecas por la cruel forma en que partieron a una vida mejor los peque\u00f1os.<\/p>\n\n\n\n<p>\u201cViva Daniel, \u00a1viva Perla!, \u00a1viva Daniel!, \u00a1viva Perla!\u201d. Los cohetes surcaron el aire, las paladas de tierra ensuciaban los f\u00e9retros. \u201c\u00a1Te queremos Perla, te queremos!, \u00a1te queremos Dany, te queremos!\u201d.&nbsp;<\/p>\n\n\n\n<p>Ah\u00ed quedaron sus cuerpos inocentes. Ah\u00ed los peque\u00f1os que un d\u00eda creyeron en un mejor futuro, de sonrisas, de pap\u00e1 y mam\u00e1, de abrazos, de besos, de cuidados que tanta falta les hicieron\u2026<\/p>\n","protected":false},"excerpt":{"rendered":"<p>Ismael Garc\u00eda M.\/Zona Roja. Foto: Cortes\u00eda Oaxaca de Ju\u00e1rez, Oax., a 19 de febrero de&hellip;<\/p>\n","protected":false},"author":2,"featured_media":51859,"comment_status":"closed","ping_status":"open","sticky":false,"template":"","format":"standard","meta":{"_lmt_disableupdate":"","_lmt_disable":"","_jetpack_memberships_contains_paid_content":false,"footnotes":""},"categories":[109,47],"tags":[123],"class_list":["post-51858","post","type-post","status-publish","format-standard","has-post-thumbnail","hentry","category-minuto-a-minuto","category-zona-gris","tag-juchitan-de-zaragoza"],"jetpack_featured_media_url":"https:\/\/zonaroja.com.mx\/wp-content\/uploads\/2023\/02\/Sepelio-Perla-y-Daniel-Juchitan.jpg","jetpack_sharing_enabled":true,"_links":{"self":[{"href":"https:\/\/zonaroja.com.mx\/index.php?rest_route=\/wp\/v2\/posts\/51858","targetHints":{"allow":["GET"]}}],"collection":[{"href":"https:\/\/zonaroja.com.mx\/index.php?rest_route=\/wp\/v2\/posts"}],"about":[{"href":"https:\/\/zonaroja.com.mx\/index.php?rest_route=\/wp\/v2\/types\/post"}],"author":[{"embeddable":true,"href":"https:\/\/zonaroja.com.mx\/index.php?rest_route=\/wp\/v2\/users\/2"}],"replies":[{"embeddable":true,"href":"https:\/\/zonaroja.com.mx\/index.php?rest_route=%2Fwp%2Fv2%2Fcomments&post=51858"}],"version-history":[{"count":1,"href":"https:\/\/zonaroja.com.mx\/index.php?rest_route=\/wp\/v2\/posts\/51858\/revisions"}],"predecessor-version":[{"id":51860,"href":"https:\/\/zonaroja.com.mx\/index.php?rest_route=\/wp\/v2\/posts\/51858\/revisions\/51860"}],"wp:featuredmedia":[{"embeddable":true,"href":"https:\/\/zonaroja.com.mx\/index.php?rest_route=\/wp\/v2\/media\/51859"}],"wp:attachment":[{"href":"https:\/\/zonaroja.com.mx\/index.php?rest_route=%2Fwp%2Fv2%2Fmedia&parent=51858"}],"wp:term":[{"taxonomy":"category","embeddable":true,"href":"https:\/\/zonaroja.com.mx\/index.php?rest_route=%2Fwp%2Fv2%2Fcategories&post=51858"},{"taxonomy":"post_tag","embeddable":true,"href":"https:\/\/zonaroja.com.mx\/index.php?rest_route=%2Fwp%2Fv2%2Ftags&post=51858"}],"curies":[{"name":"wp","href":"https:\/\/api.w.org\/{rel}","templated":true}]}}