{"id":51864,"date":"2023-02-20T07:30:31","date_gmt":"2023-02-20T13:30:31","guid":{"rendered":"http:\/\/www.zonaroja.com.mx\/?p=51864"},"modified":"2023-02-20T07:30:36","modified_gmt":"2023-02-20T13:30:36","slug":"murieron-asfixiados-los-ninos-de-juchitan-confirma-la-fiscalia-de-oaxaca","status":"publish","type":"post","link":"https:\/\/zonaroja.com.mx\/?p=51864","title":{"rendered":"Murieron asfixiados los ni\u00f1os de Juchit\u00e1n, confirma la Fiscal\u00eda de Oaxaca"},"content":{"rendered":"\n<p>Redacci\u00f3n\/Zona Roja.<\/p>\n\n\n\n<p>Oaxaca de Ju\u00e1rez, Oax., a 20 de febrero de 2023.- Los dos menores de edad Perla y Daniel fueron asesinados entre la noche del viernes y la madrugada del pasado s\u00e1bado y sus cuerpos fueron tirados a un costado de la carretera Juchit\u00e1n-El Espinal; vend\u00edan productos en la v\u00eda p\u00fablica, no ten\u00edan reporte de desaparici\u00f3n y murieron por asfixia, revel\u00f3 la Fiscal\u00eda General del Estado de Oaxaca (FGEO).<\/p>\n\n\n\n<p>\u201cLuego de hacer una revisi\u00f3n y an\u00e1lisis de las bases de datos de la instituci\u00f3n, se tiene la certeza que no exist\u00eda reporte de no localizaci\u00f3n de ambos infantes, por lo cual su desaparici\u00f3n y posterior fallecimiento se dio entre la tarde-noche del d\u00eda viernes y las primeras horas del s\u00e1bado.<\/p>\n\n\n\n<p>\u201cEn este sentido, el Instituto de Servicios Periciales realiz\u00f3 estudios cient\u00edficos que permiten establecer que la causa de la muerte, en ambos casos, fue por asfixia y las v\u00edctimas ten\u00edan entre dos y cuatro horas de haber fallecido, a partir de la hora del hallazgo de los cuerpos realizado el pasado s\u00e1bado alrededor de las 07:05 horas\u201d, indic\u00f3 en un comunicado.<\/p>\n\n\n\n<p>La instituci\u00f3n de procuraci\u00f3n de justicia que preside Bernardo Rodr\u00edguez Alamilla agreg\u00f3 que&nbsp;ha podido establecer que el lugar de hallazgo de los cuerpos -orillas de la carretera del Canal 33 tramo Juchit\u00e1n\u2013Espinal, es distinto al lugar en el se les priv\u00f3 de la vida.&nbsp;<\/p>\n\n\n\n<p>La FGEO sigue investigado el entorno inmediato de las v\u00edctimas y las posibles trayectorias utilizadas el d\u00eda de su desaparici\u00f3n y posterior fallecimiento, \u201cpues ambos hechos son determinantes para establecer la identidad del o los responsables\u201d.<\/p>\n\n\n\n<p>Indic\u00f3 que partir de que se tuvo conocimiento del caso, la Fiscal\u00eda, a trav\u00e9s del \u00e1rea de Alto Impacto y de G\u00e9nero de la Vicefiscal\u00eda Regional del Istmo, ha realizado diversos actos de investigaci\u00f3n, como entrevistas con familiares y personas que son parte del entorno social de las v\u00edctimas, de lo que se desprende que la ni\u00f1a P.A.A.M y el ni\u00f1o W.D.A.M., se dedicaban a la venta de productos en la v\u00eda p\u00fablica.<\/p>\n\n\n\n<p>Agreg\u00f3 que, derivado del trabajo de investigaci\u00f3n realizado hasta ahora la FGEO cuenta con dos l\u00edneas de investigaci\u00f3n para esclarecer este lamentable hecho, mismas que se est\u00e1n agotando de manera diligente y oportuna; confirm\u00f3 que hay una persona detenida.&nbsp;<\/p>\n\n\n\n<p>De igual forma, expuso que la Fiscal\u00eda de manera coordinada con otras instituciones, brinda apoyo integral y multidisciplinario a un grupo de cinco ni\u00f1os que habitan la misma casa de las v\u00edctimas, d\u00e1ndole la intervenci\u00f3n correspondiente al DIF municipal de Juchit\u00e1n de Zaragoza, para determinar de manera inmediata las medidas para garantizar el inter\u00e9s superior de los ni\u00f1os, ni\u00f1as y adolescentes.&nbsp;<\/p>\n\n\n\n<p>\u201cLa FGEO mantiene su compromiso de realizar un trabajo objetivo y eficaz que permita identificar de manera oportuna a los responsables de este condenable hecho, sobre todo porque en casos en que las infancias son v\u00edctimas de delitos, el Estado y sus instituciones de procuraci\u00f3n de justicia deben enviar un mensaje de no impunidad a la sociedad en su conjunto\u201d, remarc\u00f3 en su comunicado.<\/p>\n","protected":false},"excerpt":{"rendered":"<p>Redacci\u00f3n\/Zona Roja. Oaxaca de Ju\u00e1rez, Oax., a 20 de febrero de 2023.- Los dos menores&hellip;<\/p>\n","protected":false},"author":2,"featured_media":51837,"comment_status":"closed","ping_status":"open","sticky":false,"template":"","format":"standard","meta":{"_lmt_disableupdate":"","_lmt_disable":"","_jetpack_memberships_contains_paid_content":false,"footnotes":""},"categories":[109,47],"tags":[1088,494],"class_list":["post-51864","post","type-post","status-publish","format-standard","has-post-thumbnail","hentry","category-minuto-a-minuto","category-zona-gris","tag-el-espinal","tag-fiscalia-general-del-estado-de-oaxaca"],"jetpack_featured_media_url":"https:\/\/zonaroja.com.mx\/wp-content\/uploads\/2023\/02\/Ninos-muertos-Oaxaca-El-Espinal-Juchitan.jpg","jetpack_sharing_enabled":true,"_links":{"self":[{"href":"https:\/\/zonaroja.com.mx\/index.php?rest_route=\/wp\/v2\/posts\/51864","targetHints":{"allow":["GET"]}}],"collection":[{"href":"https:\/\/zonaroja.com.mx\/index.php?rest_route=\/wp\/v2\/posts"}],"about":[{"href":"https:\/\/zonaroja.com.mx\/index.php?rest_route=\/wp\/v2\/types\/post"}],"author":[{"embeddable":true,"href":"https:\/\/zonaroja.com.mx\/index.php?rest_route=\/wp\/v2\/users\/2"}],"replies":[{"embeddable":true,"href":"https:\/\/zonaroja.com.mx\/index.php?rest_route=%2Fwp%2Fv2%2Fcomments&post=51864"}],"version-history":[{"count":1,"href":"https:\/\/zonaroja.com.mx\/index.php?rest_route=\/wp\/v2\/posts\/51864\/revisions"}],"predecessor-version":[{"id":51865,"href":"https:\/\/zonaroja.com.mx\/index.php?rest_route=\/wp\/v2\/posts\/51864\/revisions\/51865"}],"wp:featuredmedia":[{"embeddable":true,"href":"https:\/\/zonaroja.com.mx\/index.php?rest_route=\/wp\/v2\/media\/51837"}],"wp:attachment":[{"href":"https:\/\/zonaroja.com.mx\/index.php?rest_route=%2Fwp%2Fv2%2Fmedia&parent=51864"}],"wp:term":[{"taxonomy":"category","embeddable":true,"href":"https:\/\/zonaroja.com.mx\/index.php?rest_route=%2Fwp%2Fv2%2Fcategories&post=51864"},{"taxonomy":"post_tag","embeddable":true,"href":"https:\/\/zonaroja.com.mx\/index.php?rest_route=%2Fwp%2Fv2%2Ftags&post=51864"}],"curies":[{"name":"wp","href":"https:\/\/api.w.org\/{rel}","templated":true}]}}