{"id":51866,"date":"2023-02-20T09:44:00","date_gmt":"2023-02-20T15:44:00","guid":{"rendered":"http:\/\/www.zonaroja.com.mx\/?p=51866"},"modified":"2023-02-20T07:52:12","modified_gmt":"2023-02-20T13:52:12","slug":"reunio-el-raul-alcala-challengue-a-500-ciclistas-en-oaxaca","status":"publish","type":"post","link":"https:\/\/zonaroja.com.mx\/?p=51866","title":{"rendered":"Reuni\u00f3 el \u201cRa\u00fal Alcal\u00e1 Challengue\u201d a 500 ciclistas en Oaxaca"},"content":{"rendered":"\n<p>Redacci\u00f3n\/Territorio Score.<\/p>\n\n\n\n<p>Oaxaca de Ju\u00e1rez, Oax., a 20 de febrero de 2023.- Por segundo a\u00f1o, el \u201cRa\u00fal Alcal\u00e1 Challenge 2023\u201d fue el punto de encuentro de la comunidad ciclista.<\/p>\n\n\n\n<p>Buscando vivir el ciclismo desde su esencia, disfrutando rodar sin la presi\u00f3n de ganar pero s\u00ed con el impulso de superarse a si mismo, as\u00ed fue que 500 ciclistas participaron en la segunda edici\u00f3n, que se realiz\u00f3 este domingo en las distancias de 70 y 110 kil\u00f3metros. &nbsp;<\/p>\n\n\n\n<p>Ciclistas de diversas partes del pa\u00eds participaron en la primera rodada del serial \u201cRa\u00fal Alcal\u00e1 Challenge 2023\u201d, el cual consisti\u00f3 en recorrido en donde los deportistas eligieron la distancia que m\u00e1s se les acomoda, entre 70 o 110 kil\u00f3metros, tomando en cuenta la experiencia y nivel de condici\u00f3n f\u00edsica. &nbsp;<\/p>\n\n\n\n<p>La salida protocolaria de todos los participantes se dio en punto de las siete de la ma\u00f1ana en la z\u00f3calo de la Verde Antequera para as\u00ed hacer una primera parada en el estadio de beisbol \u201cEduardo Vasconcelos\u201d, punto que marc\u00f3 el arranque formal de la competencia.&nbsp;<\/p>\n\n\n\n<p>La prueba estelar de la competencia tuvo un ascenso al cerro de \u201cNueve Puntas\u201d de Santiago Matatl\u00e1n, punto que marc\u00f3 el retorno de la competencia, la cual en este a\u00f1o hizo una escala en el municipio de la Villa de Mitla. &nbsp;<\/p>\n\n\n\n<p>Durante el recorrido, el ex ciclista profesional Ra\u00fal Alcal\u00e1 aprovech\u00f3 para refrendar su amistad arriba de la bicicleta con amigos y j\u00f3venes que comparten el gusto por el deporte del pedal y fibra. &nbsp;<\/p>\n\n\n\n<p>Y es que la vida de Ra\u00fal Alcal\u00e1 es un ejemplo de esperanza, disciplina, persistencia y pasi\u00f3n, tanto por el deporte como por la vida misma. Su historia es la de un triunfador que ignor\u00f3 los l\u00edmites, convirti\u00f3 los obst\u00e1culos en fortalezas y tuvo fe en sus sue\u00f1os. &nbsp;<\/p>\n\n\n\n<p>As\u00ed, la segunda edici\u00f3n del \u201cRa\u00fal Alcal\u00e1 Challenge\u201d Oaxaca tuvo como objetivo fomentar el deporte, la salud, la convivencia familiar y en comunidad, el uso de la bicicleta como medio alternativo de transporte as\u00ed como la de resaltar la belleza de diversos puntos tur\u00edsticos del estado.<\/p>\n\n\n\n<figure class=\"wp-block-embed is-type-rich is-provider-twitter wp-block-embed-twitter\"><div class=\"wp-block-embed__wrapper\">\n<div class=\"twitter-tweet\"><blockquote class=\"twitter-tweet\" data-lang=\"es\"><p lang=\"es\" dir=\"ltr\">Este domingo se corri\u00f3 la ciclista \u201cRa\u00fal Alcal\u00e1 Challenge Oaxaca 2023\u201d, de la capita hacia Santiago Matatl\u00e1n. <br>En extraordinarias im\u00e1genes de <a href=\"https:\/\/twitter.com\/Territorioscore?ref_src=twsrc%5Etfw\">@Territorioscore<\/a> <a href=\"https:\/\/twitter.com\/Gogesa?ref_src=twsrc%5Etfw\">@Gogesa<\/a>, as\u00ed se vivi\u00f3 la justa. <a href=\"https:\/\/t.co\/wfuWX9Myjm\">pic.twitter.com\/wfuWX9Myjm<\/a><\/p>&mdash; Zona Roja Oaxaca (@ZonaRoja_Oaxaca) <a href=\"https:\/\/twitter.com\/ZonaRoja_Oaxaca\/status\/1627381846878171137?ref_src=twsrc%5Etfw\">19 de febrero de 2023<\/a><\/blockquote><\/div>\n<\/div><\/figure>\n","protected":false},"excerpt":{"rendered":"<p>Redacci\u00f3n\/Territorio Score. Oaxaca de Ju\u00e1rez, Oax., a 20 de febrero de 2023.- Por segundo a\u00f1o,&hellip;<\/p>\n","protected":false},"author":2,"featured_media":51867,"comment_status":"closed","ping_status":"open","sticky":false,"template":"","format":"standard","meta":{"_lmt_disableupdate":"","_lmt_disable":"","_jetpack_memberships_contains_paid_content":false,"footnotes":""},"categories":[109,46],"tags":[3441],"class_list":["post-51866","post","type-post","status-publish","format-standard","has-post-thumbnail","hentry","category-minuto-a-minuto","category-zona-blanca","tag-territorio-score"],"jetpack_featured_media_url":"https:\/\/zonaroja.com.mx\/wp-content\/uploads\/2023\/02\/Raul-Alcala-Challengue-Oaxaca.jpeg","jetpack_sharing_enabled":true,"_links":{"self":[{"href":"https:\/\/zonaroja.com.mx\/index.php?rest_route=\/wp\/v2\/posts\/51866","targetHints":{"allow":["GET"]}}],"collection":[{"href":"https:\/\/zonaroja.com.mx\/index.php?rest_route=\/wp\/v2\/posts"}],"about":[{"href":"https:\/\/zonaroja.com.mx\/index.php?rest_route=\/wp\/v2\/types\/post"}],"author":[{"embeddable":true,"href":"https:\/\/zonaroja.com.mx\/index.php?rest_route=\/wp\/v2\/users\/2"}],"replies":[{"embeddable":true,"href":"https:\/\/zonaroja.com.mx\/index.php?rest_route=%2Fwp%2Fv2%2Fcomments&post=51866"}],"version-history":[{"count":1,"href":"https:\/\/zonaroja.com.mx\/index.php?rest_route=\/wp\/v2\/posts\/51866\/revisions"}],"predecessor-version":[{"id":51868,"href":"https:\/\/zonaroja.com.mx\/index.php?rest_route=\/wp\/v2\/posts\/51866\/revisions\/51868"}],"wp:featuredmedia":[{"embeddable":true,"href":"https:\/\/zonaroja.com.mx\/index.php?rest_route=\/wp\/v2\/media\/51867"}],"wp:attachment":[{"href":"https:\/\/zonaroja.com.mx\/index.php?rest_route=%2Fwp%2Fv2%2Fmedia&parent=51866"}],"wp:term":[{"taxonomy":"category","embeddable":true,"href":"https:\/\/zonaroja.com.mx\/index.php?rest_route=%2Fwp%2Fv2%2Fcategories&post=51866"},{"taxonomy":"post_tag","embeddable":true,"href":"https:\/\/zonaroja.com.mx\/index.php?rest_route=%2Fwp%2Fv2%2Ftags&post=51866"}],"curies":[{"name":"wp","href":"https:\/\/api.w.org\/{rel}","templated":true}]}}