{"id":51871,"date":"2023-02-20T10:32:00","date_gmt":"2023-02-20T16:32:00","guid":{"rendered":"http:\/\/www.zonaroja.com.mx\/?p=51871"},"modified":"2023-02-20T08:34:26","modified_gmt":"2023-02-20T14:34:26","slug":"el-drama-de-la-busqueda-de-los-desaparecidos-en-oaxaca","status":"publish","type":"post","link":"https:\/\/zonaroja.com.mx\/?p=51871","title":{"rendered":"El drama de la b\u00fasqueda de los desaparecidos en Oaxaca"},"content":{"rendered":"\n<p>Ismael Garc\u00eda M.\/&nbsp;<\/p>\n\n\n\n<p>Oaxaca de Ju\u00e1rez, Oax., a 19 de febrero de 2023.- Afanosas est\u00e1n. Una sirva el agua de jamaica; otra ofrece fruta picada; una m\u00e1s, sirve los deliciosos chicharrines con quesillo y dem\u00e1s condimentos.<\/p>\n\n\n\n<p>En la Alameda de Le\u00f3n, la vendimia dominical. Afanosas ellas. Unas madres, otras esposas, otras hijas. Venden de todo, para recolectar dinero a fin de seguir la b\u00fasqueda de sus desaparecidos.<\/p>\n\n\n\n<p>Sol a plomo, que se siente poco con el fresco viento que rein\u00f3 el d\u00eda. Gente por aqu\u00ed; gente por all\u00e1. Gente que pasea, que convive, que r\u00ede, que disfruta a los suyos. Gente ajena al dolor de otros, de muchos.<\/p>\n\n\n\n<p>En el fondo musical de la peque\u00f1a bocina: \u201cS\u00f3lo en esta ocasi\u00f3n, por favor Dios m\u00edo, hazme una excepci\u00f3n: pr\u00e9stame a mi padre, dame unos minutos para recordar que se siente abrazarlo.<\/p>\n\n\n\n<p>\u201cOcupo decirle que all\u00e1 en nuestra casa todos los extra\u00f1amos; hace falta su risa y hasta sus rega\u00f1os. Pr\u00e9stame a mi padre, dar\u00eda lo que fuera por o\u00edr de nuevo todas sus historias\u2026\u201d.<\/p>\n\n\n\n<p>Lastima la melod\u00eda. Duele, cala. Saca l\u00e1grimas. Pero a ellas les afana recolectar dinero para seguir buscando a los suyos. Al esposo, al padre, a la madre, al hijo o la hija.<\/p>\n\n\n\n<p>Es la historia de ellas, del Movimiento \u201cBusco al m\u00edo, buscando a todos\u201d. De manera frecuente realizan movilizaciones pac\u00edficas, sin afectar a terceros, sin gritonear a la autoridad.<\/p>\n\n\n\n<p>Pero s\u00ed con una firme petici\u00f3n: ayuden a buscar a nuestros desaparecidos.<\/p>\n\n\n\n<p>Y ayer no fue la excepci\u00f3n, pues mientras un grupo de mujeres atend\u00eda el local de venta de antojitos en la Alameda de la capital oaxaque\u00f1a, dos m\u00e1s recorrieron el contorno del z\u00f3calo con una lona, con el rostro de hombres y mujeres desaparecidos.<\/p>\n\n\n\n<p>\u201cHacemos un llamado a la sociedad, a tomar conciencia, a apoyar de una manera sencilla: cuando veas en tu tel\u00e9fono una ficha de b\u00fasqueda, comp\u00e1rtela, es la mejor manera que nos puedes ayudar, porque de esa forma se dar\u00e1 a conocer que esa persona desapareci\u00f3.<\/p>\n\n\n\n<p>\u201cNo seas indiferente, porque todos estamos expuestos; nadie puede decir que est\u00e1 exento que le pueda pasar. Hoy las desapariciones se dan en el pa\u00eds, a cada momento, por distintas circunstancias.<\/p>\n\n\n\n<p>\u201cTodos hemos sido rebasados y todos tenemos responsabilidad; las familias, la sociedad, las instituciones, el gobierno, todos, y en todo est\u00e1 la soluci\u00f3n. Padres de familia, los que tienen peque\u00f1os, instr\u00fayalos a tener los datos, a no irse con cualquier persona, a no darles cualquier cosa que les den\u201d, dice don Said Garc\u00eda.<\/p>\n\n\n\n<p>Explica a ZONA ROJA QUE son muchas circunstancias que llevan a la desaparici\u00f3n de una persona: sociales, familiares, pol\u00edticas, tr\u00e1fico de \u00f3rganos, trata de blancas.<\/p>\n\n\n\n<p>A\u00f1ade que en Oaxaca son alrededor de cinco mil personas las reportadas las desaparecidas y reconoce la apertura de la Fiscal\u00eda General del Estado, que encabeza Bernardo Rodr\u00edguez, y al gobierno de Salom\u00f3n Jara por escucharlos al fin.<\/p>\n\n\n\n<p>\u201cNecesitamos que todos tenemos conciencia, no nos hagamos ap\u00e1ticos; \u00a1porque vivos se los llevaron, vivos los queremos!; a pesar de que ha pasado el tiempo, nuestros familiares siguen vivos y los vamos a encontrar. No nos vamos a detener en esa lucha\u201d, cierra.<\/p>\n\n\n\n<figure class=\"wp-block-embed is-type-rich is-provider-twitter wp-block-embed-twitter\"><div class=\"wp-block-embed__wrapper\">\n<div class=\"twitter-tweet\"><blockquote class=\"twitter-tweet\" data-lang=\"es\"><p lang=\"es\" dir=\"ltr\">El representante del Movimiento \u201cBuscando al m\u00edo, buscando a todos\u201d, Said Garc\u00eda, reconoci\u00f3 que ya ha habido reuni\u00f3n con funcionarios del <a href=\"https:\/\/twitter.com\/GobOax?ref_src=twsrc%5Etfw\">@GobOax<\/a>.<br>En el caso de la <a href=\"https:\/\/twitter.com\/FISCALIA_GobOax?ref_src=twsrc%5Etfw\">@FISCALIA_GobOax<\/a>, el titular <a href=\"https:\/\/twitter.com\/FiscalOaxaca?ref_src=twsrc%5Etfw\">@FiscalOaxaca<\/a> se comprometi\u00f3 a fortalecer las acciones de b\u00fasqueda, dijo. <a href=\"https:\/\/t.co\/Nvec8H0AS4\">pic.twitter.com\/Nvec8H0AS4<\/a><\/p>&mdash; Zona Roja Oaxaca (@ZonaRoja_Oaxaca) <a href=\"https:\/\/twitter.com\/ZonaRoja_Oaxaca\/status\/1627470121663967233?ref_src=twsrc%5Etfw\">20 de febrero de 2023<\/a><\/blockquote><\/div>\n<\/div><\/figure>\n","protected":false},"excerpt":{"rendered":"<p>Ismael Garc\u00eda M.\/&nbsp; Oaxaca de Ju\u00e1rez, Oax., a 19 de febrero de 2023.- Afanosas est\u00e1n.&hellip;<\/p>\n","protected":false},"author":2,"featured_media":51872,"comment_status":"closed","ping_status":"open","sticky":false,"template":"","format":"standard","meta":{"_lmt_disableupdate":"","_lmt_disable":"","_jetpack_memberships_contains_paid_content":false,"footnotes":""},"categories":[109,47],"tags":[3442],"class_list":["post-51871","post","type-post","status-publish","format-standard","has-post-thumbnail","hentry","category-minuto-a-minuto","category-zona-gris","tag-busco-al-mio-buscando-a-todos"],"jetpack_featured_media_url":"https:\/\/zonaroja.com.mx\/wp-content\/uploads\/2023\/02\/busqueda-de-desaparecidos-Oaxaca.jpg","jetpack_sharing_enabled":true,"_links":{"self":[{"href":"https:\/\/zonaroja.com.mx\/index.php?rest_route=\/wp\/v2\/posts\/51871","targetHints":{"allow":["GET"]}}],"collection":[{"href":"https:\/\/zonaroja.com.mx\/index.php?rest_route=\/wp\/v2\/posts"}],"about":[{"href":"https:\/\/zonaroja.com.mx\/index.php?rest_route=\/wp\/v2\/types\/post"}],"author":[{"embeddable":true,"href":"https:\/\/zonaroja.com.mx\/index.php?rest_route=\/wp\/v2\/users\/2"}],"replies":[{"embeddable":true,"href":"https:\/\/zonaroja.com.mx\/index.php?rest_route=%2Fwp%2Fv2%2Fcomments&post=51871"}],"version-history":[{"count":1,"href":"https:\/\/zonaroja.com.mx\/index.php?rest_route=\/wp\/v2\/posts\/51871\/revisions"}],"predecessor-version":[{"id":51873,"href":"https:\/\/zonaroja.com.mx\/index.php?rest_route=\/wp\/v2\/posts\/51871\/revisions\/51873"}],"wp:featuredmedia":[{"embeddable":true,"href":"https:\/\/zonaroja.com.mx\/index.php?rest_route=\/wp\/v2\/media\/51872"}],"wp:attachment":[{"href":"https:\/\/zonaroja.com.mx\/index.php?rest_route=%2Fwp%2Fv2%2Fmedia&parent=51871"}],"wp:term":[{"taxonomy":"category","embeddable":true,"href":"https:\/\/zonaroja.com.mx\/index.php?rest_route=%2Fwp%2Fv2%2Fcategories&post=51871"},{"taxonomy":"post_tag","embeddable":true,"href":"https:\/\/zonaroja.com.mx\/index.php?rest_route=%2Fwp%2Fv2%2Ftags&post=51871"}],"curies":[{"name":"wp","href":"https:\/\/api.w.org\/{rel}","templated":true}]}}