{"id":51877,"date":"2023-02-20T11:38:00","date_gmt":"2023-02-20T17:38:00","guid":{"rendered":"http:\/\/www.zonaroja.com.mx\/?p=51877"},"modified":"2023-02-20T08:43:51","modified_gmt":"2023-02-20T14:43:51","slug":"asegura-gobierno-que-coatlan-ya-permitio-reanudar-obras-de-la-supercarretera","status":"publish","type":"post","link":"https:\/\/zonaroja.com.mx\/?p=51877","title":{"rendered":"Asegura gobierno que Coatl\u00e1n ya permiti\u00f3 reanudar obras de la supercarretera"},"content":{"rendered":"\n<p>Redacci\u00f3n\/Zona Roja.<\/p>\n\n\n\n<p>Oaxaca de Ju\u00e1rez, Oax., a 20 de febrero de 2022.- El gobierno de Oaxaca asegur\u00f3 que los trabajos de construcci\u00f3n de la supercarretera a la Costa, tramo Barranca Larga-Ventanmilla, ya se reanudaron, tras el aval de San Vicente Coatl\u00e1n.<\/p>\n\n\n\n<p>De acuerdo con un comunicado de prensa, el secretario de Infraestructuras y Comunicaciones, Netzahualc\u00f3yotl Salvatierra L\u00f3pez realiz\u00f3 un recorrido de supervisi\u00f3n en la obra.<\/p>\n\n\n\n<p>Junto al director general de la Secretar\u00eda de Infraestructura, Comunicaciones y Transportes (SICT) en Oaxaca, Jos\u00e9 Luis Chida Pardo, el funcionario estatal constat\u00f3 los avances del viaducto en el kil\u00f3metro 117+200, \u201ccuyas labores se reiniciaron luego de la disposici\u00f3n de las autoridades de San Vicente Coatl\u00e1n para permitir que contin\u00fae la obra\u201d.<\/p>\n\n\n\n<p>Asimismo, realiz\u00f3 una reuni\u00f3n de evaluaci\u00f3n en el entronque que comunicar\u00e1 a esta comunidad, como parte de las de la supervisi\u00f3n de los avances de la autopista, que traer\u00e1 grandes beneficios en materia social, econ\u00f3mica y tur\u00edstica para Oaxaca.<\/p>\n\n\n\n<p>En este encuentro, Salvatierra L\u00f3pez expuso a los habitantes los avances de la obra as\u00ed como los trabajos que se iniciar\u00e1n para dar continuidad a este importante proyecto que consta de una zona de cobro con dos carriles r\u00e1pidos, dos unidireccionales que van de Oaxaca a Puerto Escondido y de Puerto Escondido a Oaxaca y tres bidireccionales que tendr\u00e1n paso de Oaxaca-Puerto Escondido y Puerto Escondido Oaxaca, con la finalidad de que estos carriles proporcionen un mejor servicio al usuario.<\/p>\n","protected":false},"excerpt":{"rendered":"<p>Redacci\u00f3n\/Zona Roja. Oaxaca de Ju\u00e1rez, Oax., a 20 de febrero de 2022.- El gobierno de&hellip;<\/p>\n","protected":false},"author":2,"featured_media":51878,"comment_status":"closed","ping_status":"open","sticky":false,"template":"","format":"standard","meta":{"_lmt_disableupdate":"","_lmt_disable":"","_jetpack_memberships_contains_paid_content":false,"footnotes":""},"categories":[109,46],"tags":[3398,3385],"class_list":["post-51877","post","type-post","status-publish","format-standard","has-post-thumbnail","hentry","category-minuto-a-minuto","category-zona-blanca","tag-netzahualcoyotl-salvatierra-lopez","tag-secretaria-de-infraestructura-y-comunicaciones-sinfra"],"jetpack_featured_media_url":"https:\/\/zonaroja.com.mx\/wp-content\/uploads\/2023\/02\/Sinfra-supercarretera.jpeg","jetpack_sharing_enabled":true,"_links":{"self":[{"href":"https:\/\/zonaroja.com.mx\/index.php?rest_route=\/wp\/v2\/posts\/51877","targetHints":{"allow":["GET"]}}],"collection":[{"href":"https:\/\/zonaroja.com.mx\/index.php?rest_route=\/wp\/v2\/posts"}],"about":[{"href":"https:\/\/zonaroja.com.mx\/index.php?rest_route=\/wp\/v2\/types\/post"}],"author":[{"embeddable":true,"href":"https:\/\/zonaroja.com.mx\/index.php?rest_route=\/wp\/v2\/users\/2"}],"replies":[{"embeddable":true,"href":"https:\/\/zonaroja.com.mx\/index.php?rest_route=%2Fwp%2Fv2%2Fcomments&post=51877"}],"version-history":[{"count":1,"href":"https:\/\/zonaroja.com.mx\/index.php?rest_route=\/wp\/v2\/posts\/51877\/revisions"}],"predecessor-version":[{"id":51879,"href":"https:\/\/zonaroja.com.mx\/index.php?rest_route=\/wp\/v2\/posts\/51877\/revisions\/51879"}],"wp:featuredmedia":[{"embeddable":true,"href":"https:\/\/zonaroja.com.mx\/index.php?rest_route=\/wp\/v2\/media\/51878"}],"wp:attachment":[{"href":"https:\/\/zonaroja.com.mx\/index.php?rest_route=%2Fwp%2Fv2%2Fmedia&parent=51877"}],"wp:term":[{"taxonomy":"category","embeddable":true,"href":"https:\/\/zonaroja.com.mx\/index.php?rest_route=%2Fwp%2Fv2%2Fcategories&post=51877"},{"taxonomy":"post_tag","embeddable":true,"href":"https:\/\/zonaroja.com.mx\/index.php?rest_route=%2Fwp%2Fv2%2Ftags&post=51877"}],"curies":[{"name":"wp","href":"https:\/\/api.w.org\/{rel}","templated":true}]}}