{"id":51880,"date":"2023-02-20T11:47:00","date_gmt":"2023-02-20T17:47:00","guid":{"rendered":"http:\/\/www.zonaroja.com.mx\/?p=51880"},"modified":"2023-02-20T08:51:06","modified_gmt":"2023-02-20T14:51:06","slug":"hospital-de-la-ninez-practicamente-quebrado-opera-con-deficit-de-350-mdp","status":"publish","type":"post","link":"https:\/\/zonaroja.com.mx\/?p=51880","title":{"rendered":"Hospital de la Ni\u00f1ez, pr\u00e1cticamente quebrado; opera con d\u00e9ficit de 350 mdp"},"content":{"rendered":"\n<p>David Ju\u00e1rez\/Zona Roja.<\/p>\n\n\n\n<p>Oaxaca de Ju\u00e1rez, Oax., a 20 de febrero de 2023.- El Hospital de la Ni\u00f1ez Oaxaque\u00f1a arrastra un d\u00e9ficit presupuestal de al menos 350 millones de pesos, a consecuencia de endeudamientos adquiridos durante los \u00faltimos a\u00f1os y por falta de liquidez para hacer frente a su gasto corriente ordinario, lo que ha provocado que diversas \u00e1reas est\u00e9n fuera de servicio o, bien, funcionen de manera parcial.<\/p>\n\n\n\n<p>En la actualidad, aquel centro m\u00e9dico, el \u00fanico en el estado que brinda cobertura especializada a ni\u00f1os y adolescentes sin seguridad social, incluidos pacientes con c\u00e1ncer, mantiene pasivos por al menos 230 millones de pesos, aunado a que actualmente opera con el 35 por ciento del presupuesto de 200 millones de pesos que requiere anualmente para afrontar sus gastos, lament\u00f3 la presidenta de la asociaci\u00f3n civil \u201cCon Causa\u201d, Elena Garc\u00eda.<\/p>\n\n\n\n<p>La activista sostuvo que durante este 2023 el nosocomio, ubicado en San Bartolo Coyotepec, en los Valles Centrales de Oaxaca, operar\u00e1 con un presupuesto de 70 millones de pesos, pero con 130 millones de pesos m\u00e1s que no tendr\u00e1n cobertura y que, de no ser subsanados, aumentar\u00edan los pasivos.<\/p>\n\n\n\n<p>\u00abEl Hospital de la Ni\u00f1ez tiene un rezago enorme que no ha sido cubierto y ya hay muchas cosas que ahorita no est\u00e1n en funcionamiento o en servicio.<\/p>\n\n\n\n<p>\u00abSe espera que se pueda ir resolviendo cosa por cosa porque estamos hablando de mucho dinero. Est\u00e1n intentando que esto no afecte el servicio, carg\u00e1ndole el servicio a hospitales como el de Especialidades, pero tarde o temprano esto se tiene que regularizar porque el Hospital de la Ni\u00f1ez tiene demanda de urgencias y cosas no solo para ni\u00f1os con c\u00e1ncer sino que para la poblaci\u00f3n total que se atiende ah\u00ed\u00bb, subray\u00f3 la activista, en entrevista con ZONA ROJA.<\/p>\n\n\n\n<p>Garc\u00eda reiter\u00f3 que la agrupaci\u00f3n que encabeza est\u00e1 enterada de que la deuda del nosocomio era de alrededor de 230 millones de pesos, luego de que hasta 2021 oper\u00f3 con presupuestos anuales de 30 millones de pesos &#8211;15 por ciento de sus requerimientos reales&#8211;.<\/p>\n\n\n\n<p>\u00abDe los pasivos nosotros ten\u00edamos una idea de que eran alrededor de 230 millones; obviamente, posiblemente \u00e9stos incrementen porque quieras o no tienen servicios contratados&#8230; son alrededor de 230 millones de pesos de deuda o posiblemente es mucho m\u00e1s porque hay que pagar proveedores\u00bb.<\/p>\n\n\n\n<p>La falta de recursos ha provocado que el \u00e1rea de laboratorio trabaje de manera irregular debido a que el nosocomio no ha pagado a sus proveedores, adem\u00e1s de que existe equipo que no est\u00e1 siendo utilizado por falta de insumos y mantenimiento.<\/p>\n\n\n\n<p>\u00abDe las \u00e1reas que ahorita no est\u00e1n funcionando de manera ideal es la de an\u00e1lisis en laboratorio por lo mismo que no se ha regularizado el pago con proveedores y la otra es que tambi\u00e9n hay equipos que son muy buenos, pero que obviamente requieren mantenimiento y ahorita no se les ha dado mantenimiento.<\/p>\n\n\n\n<p>\u00abHay cosas que tienen que estar mandando a hacer a los pacientes, por ejemplo, al Hospital de Especialidades o al Hospital Civil o hasta la Ciudad de M\u00e9xico en el caso de de los ni\u00f1os con c\u00e1ncer para que no pierdan la continuidad de los tratamientos\u00bb, asever\u00f3.<\/p>\n\n\n\n<p>En otro ejemplo, indic\u00f3 que la escasez de recursos ha provocado que el Endoscopio permanezca sin operar, lo que se tradujo en que un menor que necesitaba el retiro de una sonda no pudiera ser intervenido en aquel hospital; tampoco funciona un equipo para llevar a cabo operaciones neurol\u00f3gicas.<\/p>\n\n\n\n<p>\u00abEso no detiene la atenci\u00f3n, pero obviamente la har\u00eda un poco m\u00e1s sencilla si esto estuviera al d\u00eda; esperemos que ya con el convenio que se firm\u00f3 con el Insabi hagan llegar estos apoyos o manden gente para que reparen los equipos\u00bb.<\/p>\n\n\n\n<p>ABASTECEN S\u00d3LO 50%<\/p>\n\n\n\n<p>Sobre el abasto de medicamentos, la representante de \u201cCon Causa\u201d sostuvo que actualmente \u00e9ste se mantiene a un 70 u 80 por ciento, aunque resalt\u00f3 que aproximadamente el 50 por ciento de \u00e9ste se debe a gestiones y donativos conseguidos por organizaciones no gubernamentales, como la que encabeza.<\/p>\n\n\n\n<p>Asimismo, resalt\u00f3 que la reserva de medicinas esta garantizada \u00fanicamente para las siguientes dos semanas.<\/p>\n\n\n\n<p>\u00abGracias a todo el apoyo que recibe el hospital de las organizaciones sociales, de donativos que han logrado a trav\u00e9s de otros hospitales, con lo de la Secretar\u00eda de Salud&#8230; ahorita tienen cubierto para dar la atenci\u00f3n a nuestros hijos para el cierre de febrero.<\/p>\n\n\n\n<p>\u00abNosotros (\u2018Con Causa\u2019), de hecho, dejamos cubierto el abasto hasta enero, calculando el apoyo que estaba dando otra asociaci\u00f3n que apoya que es Casa de la Amistad\u00bb.<\/p>\n\n\n\n<p>Adem\u00e1s de conseguir medicamentos que son utilizados de manera recurrente por los pacientes , las agrupaciones civiles tambi\u00e9n se hacen cargo de conseguir los requerimientos que salen del cuadro b\u00e1sico de medicinas.<\/p>\n\n\n\n<p>En ese sentido, apunt\u00f3 que las autoridades sanitarias mantienen el compromiso de adquirir, a trav\u00e9s de compras con recursos p\u00fablicos o con gestiones de donaci\u00f3n con otros centros m\u00e9dicos, la mayor cantidad posible de medicamentos hasta los meses de marzo o abril, cuando deber\u00e1n comenzar a ejecutarse &nbsp;las compras con el presupuesto ordinario de 2023.<\/p>\n\n\n\n<p>En este momento, dijo, la labor de la autoridad coadyuva con la de las ONG.<\/p>\n\n\n\n<p>\u00abVamos a darles un voto de confianza de que las cosas van a mejorar, de que ya se firm\u00f3 un convenio con Insabi, de que de que va a empezar a llegar el medicamento, de que esto tiene que regularizarse, no importa de las condiciones en que se d\u00e9: en especie, donativo o la manera que sea, (la cuesti\u00f3n) es que no dejen desatendida a la poblaci\u00f3n infantil y seguimos pendientes porque como siempre hemos dicho: el c\u00e1ncer no espera\u00bb.<\/p>\n\n\n\n<p>El pasado 16 de febrero se conmemor\u00f3 el D\u00eda Internacional de la Lucha contra el C\u00e1ncer Infantil.<\/p>\n","protected":false},"excerpt":{"rendered":"<p>David Ju\u00e1rez\/Zona Roja. Oaxaca de Ju\u00e1rez, Oax., a 20 de febrero de 2023.- El Hospital&hellip;<\/p>\n","protected":false},"author":2,"featured_media":32371,"comment_status":"closed","ping_status":"open","sticky":false,"template":"","format":"standard","meta":{"_lmt_disableupdate":"","_lmt_disable":"","_jetpack_memberships_contains_paid_content":false,"footnotes":""},"categories":[109,47],"tags":[318],"class_list":["post-51880","post","type-post","status-publish","format-standard","has-post-thumbnail","hentry","category-minuto-a-minuto","category-zona-gris","tag-hospital-de-la-ninez-oaxaquena"],"jetpack_featured_media_url":"https:\/\/zonaroja.com.mx\/wp-content\/uploads\/2021\/09\/Hospital-de-la-Ninez-Oaxaquena.jpg","jetpack_sharing_enabled":true,"_links":{"self":[{"href":"https:\/\/zonaroja.com.mx\/index.php?rest_route=\/wp\/v2\/posts\/51880","targetHints":{"allow":["GET"]}}],"collection":[{"href":"https:\/\/zonaroja.com.mx\/index.php?rest_route=\/wp\/v2\/posts"}],"about":[{"href":"https:\/\/zonaroja.com.mx\/index.php?rest_route=\/wp\/v2\/types\/post"}],"author":[{"embeddable":true,"href":"https:\/\/zonaroja.com.mx\/index.php?rest_route=\/wp\/v2\/users\/2"}],"replies":[{"embeddable":true,"href":"https:\/\/zonaroja.com.mx\/index.php?rest_route=%2Fwp%2Fv2%2Fcomments&post=51880"}],"version-history":[{"count":2,"href":"https:\/\/zonaroja.com.mx\/index.php?rest_route=\/wp\/v2\/posts\/51880\/revisions"}],"predecessor-version":[{"id":51882,"href":"https:\/\/zonaroja.com.mx\/index.php?rest_route=\/wp\/v2\/posts\/51880\/revisions\/51882"}],"wp:featuredmedia":[{"embeddable":true,"href":"https:\/\/zonaroja.com.mx\/index.php?rest_route=\/wp\/v2\/media\/32371"}],"wp:attachment":[{"href":"https:\/\/zonaroja.com.mx\/index.php?rest_route=%2Fwp%2Fv2%2Fmedia&parent=51880"}],"wp:term":[{"taxonomy":"category","embeddable":true,"href":"https:\/\/zonaroja.com.mx\/index.php?rest_route=%2Fwp%2Fv2%2Fcategories&post=51880"},{"taxonomy":"post_tag","embeddable":true,"href":"https:\/\/zonaroja.com.mx\/index.php?rest_route=%2Fwp%2Fv2%2Ftags&post=51880"}],"curies":[{"name":"wp","href":"https:\/\/api.w.org\/{rel}","templated":true}]}}