{"id":51883,"date":"2023-02-20T14:51:00","date_gmt":"2023-02-20T20:51:00","guid":{"rendered":"http:\/\/www.zonaroja.com.mx\/?p=51883"},"modified":"2023-02-20T17:46:00","modified_gmt":"2023-02-20T23:46:00","slug":"pend1-24","status":"publish","type":"post","link":"https:\/\/zonaroja.com.mx\/?p=51883","title":{"rendered":"Lunes rojo: dos ejecutados, paro de polic\u00edas\u2026 y gobernador Jara culpa al pasado"},"content":{"rendered":"\n<p>Yuridiana Sosa\/Zona Roja.<\/p>\n\n\n\n<p>Oaxaca de Ju\u00e1rez, Oax., a 20 de febrero de 2023.- Mientras que la Polic\u00eda Estatal inici\u00f3 un paro de labores por diversas irregularidades en la Secretar\u00eda de Seguridad, en menos de una hora, dos personas fueron ejecutadas en la zona conurbada de Oaxaca.<\/p>\n\n\n\n<p>Y ante la protesta de los uniformados por la cancelaci\u00f3n de sus haberes, as\u00ed como la \u201ctoma\u201d de oficinas por parte de delegados sindicales del \u00e1rea de seguridad, el gobernador morenista Salom\u00f3n Jara Cruz opt\u00f3 por culpar al pasado otra vez, ahora a Jos\u00e9 Manuel Vera Salinas.<\/p>\n\n\n\n<p>Con un saldo previo de tres asesinatos el domingo, la violencia en Oaxaca continu\u00f3 la ma\u00f1ana de este lunes, en la capital Oaxaque\u00f1a y el municipio de Santa Cruz Xoxocotl\u00e1n.<\/p>\n\n\n\n<p>En el primero de los casos, cerca de las 11:30 horas, un var\u00f3n fue asesinato en un ataque armado en el estacionamiento de una terminal de transportes for\u00e1neo, ubicado sobre la calle de Armenta y L\u00f3pez 922, en el Centro Hist\u00f3rico de Oaxaca.<\/p>\n\n\n\n<p>Los primeros reportes policiales indicaron que presuntamente la v\u00edctima es propietaria del establecimiento de nombre \u201cEclipse\u201d, de camionetas de pasaje para Miahuatl\u00e1n de Porfirio D\u00edaz, y quien era integrante de un sindicato de transportistas denominado Confederaci\u00f3n Joven.<\/p>\n\n\n\n<figure class=\"wp-block-embed is-type-rich is-provider-twitter wp-block-embed-twitter\"><div class=\"wp-block-embed__wrapper\">\n<div class=\"twitter-tweet\"><blockquote class=\"twitter-tweet\" data-lang=\"es\"><p lang=\"es\" dir=\"ltr\"><a href=\"https:\/\/twitter.com\/hashtag\/ENVIVO?src=hash&amp;ref_src=twsrc%5Etfw\">#ENVIVO<\/a><br>Oaxaca de Ju\u00e1rez, Oax., a 20 de febrero de 2022.- En el marco de un paro de polic\u00edas estatales, asesinan a balazos a un individuo en un estacionamiento de la calle Armenta y L\u00f3pez 922, centro de la ciudad de <a href=\"https:\/\/twitter.com\/hashtag\/Oaxaca?src=hash&amp;ref_src=twsrc%5Etfw\">#Oaxaca<\/a>, a unas cuadras del z\ufffc\u00f3calo.<br>\ud83d\udc47<a href=\"https:\/\/t.co\/ZVdswp6Pse\">https:\/\/t.co\/ZVdswp6Pse<\/a> <a href=\"https:\/\/t.co\/0FpqHZiDYO\">pic.twitter.com\/0FpqHZiDYO<\/a><\/p>&mdash; Zona Roja Oaxaca (@ZonaRoja_Oaxaca) <a href=\"https:\/\/twitter.com\/ZonaRoja_Oaxaca\/status\/1627732540189712384?ref_src=twsrc%5Etfw\">20 de febrero de 2023<\/a><\/blockquote><\/div>\n<\/div><\/figure>\n\n\n\n<p>Al lugar arribaron param\u00e9dicos de la Cruz Roja Mexicana, quienes confirmaron el deceso de quien fue identificado como Antonio G.; tras ello la zona fue acordonada por elementos de la Agencia Estatal de Investigaciones, de la Fiscal\u00eda General de Oaxaca, para iniciar con las diligencias de ley.<\/p>\n\n\n\n<p>OTRO EN XOXO<\/p>\n\n\n\n<p>Minutos despu\u00e9s, se registr\u00f3 la ejecuci\u00f3n de otra persona en el interior de un domicilio en la calle Emiliano Zapata de la colonia Reforma Agraria, en Santa Cruz Xoxocotl\u00e1n, colindante con la ciudad de Oaxaca.<\/p>\n\n\n\n<p>Se dio a conocer que la v\u00edctima es Enrique Francisco M N., hijo de \u201cDon Panchito\u201d, dirigente de la organizaci\u00f3n Frente Popular \u201c14 de Junio\u201d, identificada como una de las m\u00e1s radicales, acaparando gremios como el de transporte y comercio ambulante.<\/p>\n\n\n\n<p>La zona de los hechos fue acordonada por elementos policiales para el inicio de las investigaciones correspondientes. Al sitio arribaron varios mototaxistas que incluso rompieron los protocolos de seguridad e ingresaron a la zona acordonada para cerciorarse de los hechos, sin que los polic\u00edas intervinieran para retirarlos.<\/p>\n\n\n\n<figure class=\"wp-block-embed is-type-rich is-provider-twitter wp-block-embed-twitter\"><div class=\"wp-block-embed__wrapper\">\n<div class=\"twitter-tweet\"><blockquote class=\"twitter-tweet\" data-lang=\"es\"><p lang=\"es\" dir=\"ltr\"><a href=\"https:\/\/twitter.com\/hashtag\/ENVIVO?src=hash&amp;ref_src=twsrc%5Etfw\">#ENVIVO<\/a><br>Santa Cruz Xoxocotl\u00e1n, Oax., a 20 de febrero de 2023.- Una segunda persona fue asesinada a balazos este lunes. Ahora en la calle Emiliano Zapata de la colonia Reforma Agraria, colindante con la ciudad de Oaxaca.<br>\ud83d\udc47<a href=\"https:\/\/t.co\/HKZCjPL1oF\">https:\/\/t.co\/HKZCjPL1oF<\/a> <a href=\"https:\/\/t.co\/711tiLNlik\">pic.twitter.com\/711tiLNlik<\/a><\/p>&mdash; Zona Roja Oaxaca (@ZonaRoja_Oaxaca) <a href=\"https:\/\/twitter.com\/ZonaRoja_Oaxaca\/status\/1627733439524007939?ref_src=twsrc%5Etfw\">20 de febrero de 2023<\/a><\/blockquote><\/div>\n<\/div><\/figure>\n\n\n\n<p>POLIC\u00cdAS EN PARO<\/p>\n\n\n\n<p>En tanto, desde las primeras horas de este lunes, elementos de la Polic\u00eda Estatal, de la Secretar\u00eda de Seguridad y Protecci\u00f3n Ciudadana de Oaxaca, iniciaron con una protesta por las diversas irregularidades en materia de pagos para decenas de efectivos.<\/p>\n\n\n\n<p>Los manifestantes exigen al titular de la dependencia, Iv\u00e1n Garc\u00eda \u00c1lvarez, y al gobernador de Oaxaca, Salom\u00f3n Jara Cruz, atenci\u00f3n a sus demandas, antes que la protesta se generalice.<\/p>\n\n\n\n<p>Por medio de un comunicado, los elementos denunciaron que sin motivo aparente y por supuestas indicaciones de Garc\u00eda \u00c1lvarez, se retir\u00f3 el apoyo alimentos para el personal que se encuentra en funciones de seguridad p\u00fablica, lo cual tambi\u00e9n afecta a los que se encuentran en el interior del estado.<\/p>\n\n\n\n<p>Adem\u00e1s del retiro del bono denominado SPA, el cual se lo otorgaron a personal que tiene menos a\u00f1os de antig\u00fcedad.<\/p>\n\n\n\n<p>Ante un primer acercamiento con la Coordinadora de Desarrollo de Personal y Servicios Generales de la Polic\u00eda Estatal, Claudia Caravantes Antonio, la funcionaria les indic\u00f3 que \u201ceran \u00f3rdenes del secretario y que referente a la ayuda alimenticia a los que no les hab\u00edan depositado en el mes de enero ya no iba a ver reposici\u00f3n\u201d.<\/p>\n\n\n\n<p>Por esa y otras anomal\u00edas, los polic\u00edas exigen la destituci\u00f3n de Caravantes Antonio y una reuni\u00f3n con el secretario de Seguridad, quien tambi\u00e9n se ha mantenido distante de las tropas, acusan.<\/p>\n\n\n\n<figure class=\"wp-block-embed is-type-rich is-provider-twitter wp-block-embed-twitter\"><div class=\"wp-block-embed__wrapper\">\n<div class=\"twitter-tweet\"><blockquote class=\"twitter-tweet\" data-lang=\"es\"><p lang=\"es\" dir=\"ltr\"><a href=\"https:\/\/twitter.com\/hashtag\/%C3%9AltimoMinuto?src=hash&amp;ref_src=twsrc%5Etfw\">#\u00daltimoMinuto<\/a><br>Se agrava la crisis de seguridad en Oaxaca.<br>Al paro de polic\u00edas y asesinato de dos personas este lunes, se suma la \u201ctoma\u201d de oficinas de la <a href=\"https:\/\/twitter.com\/SSPC_GobOax?ref_src=twsrc%5Etfw\">@SSPC_GobOax<\/a> en la colonia Reforma de la capital.<br>Denuncian graves irregularidades y omisiones del secretario <a href=\"https:\/\/twitter.com\/IvanGarcia_A?ref_src=twsrc%5Etfw\">@IvanGarcia_A<\/a>. <a href=\"https:\/\/t.co\/MMBcqFC2fq\">pic.twitter.com\/MMBcqFC2fq<\/a><\/p>&mdash; Zona Roja Oaxaca (@ZonaRoja_Oaxaca) <a href=\"https:\/\/twitter.com\/ZonaRoja_Oaxaca\/status\/1627743971668815872?ref_src=twsrc%5Etfw\">20 de febrero de 2023<\/a><\/blockquote><\/div>\n<\/div><\/figure>\n\n\n\n<p>\u201cTOMAN OFICINAS\u201d<\/p>\n\n\n\n<p>Luego de ello, un grupo de delegados sindicales de la Secretar\u00eda de Seguridad estatal \u201ctom\u00f3\u201d las oficinas ubicadas en la calle Belisario Dom\u00ednguez de la capital, para denunciar nula atenci\u00f3n por parte del marino Iv\u00e1n Garc\u00eda.<\/p>\n\n\n\n<p>Asimismo, el despotismo de los funcionarios que trajo del estado de Chihuahua, algunos de los cuales tienen antecedentes de se\u00f1alamiento de actos de corrupci\u00f3n, por lo cual exigieron que fueran cesados.<\/p>\n\n\n\n<p>Demandaron di\u00e1logo con las autoridades estatales para atender m\u00faltiples requerimientos, en su caso se ir\u00edan a paro de labores generalizado.<\/p>\n\n\n\n<p>SIGUEN CULPAS<\/p>\n\n\n\n<p>Por otra parte, el Gobernador del Estado, Salom\u00f3n Jara Cruz, responsabiliz\u00f3 del paro de labores de la Polic\u00eda Estatal al ex secretario Ejecutivo del Sistema Estatal de Seguridad P\u00fablica de Oaxaca, Jos\u00e9 Manuel Vera Salinas.<\/p>\n\n\n\n<p>Durante la conferencia matutina de este lunes envi\u00f3 un mensaje al ex funcionario de Alejandro Murat. \u201cDesde aqu\u00ed le dijo al se\u00f1or Vera que deje de estar haciendo de las suyas, porque nosotros no nos vamos a quedar cruzados de brazos\u201d.<\/p>\n\n\n\n<p>Y sentenci\u00f3: \u201cSi el se\u00f1or Vera quiere seguir con la corrupci\u00f3n, aqu\u00ed no la va a tener, con nuestro gobierno es totalmente diferente\u201d.<\/p>\n\n\n\n<p>Jara Cruz asegur\u00f3 que en Oaxaca no se va a retirar a la Marina, ni se va a destituir al Secretario de Seguridad, Iv\u00e1n Garc\u00eda.<\/p>\n\n\n\n<p>\u201cAqu\u00ed vamos a trabajar, vamos a escuchar, pero no vamos a permitir que siga la pr\u00e1ctica anterior\u201d.&nbsp;<\/p>\n\n\n\n<figure class=\"wp-block-embed is-type-rich is-provider-twitter wp-block-embed-twitter\"><div class=\"wp-block-embed__wrapper\">\n<div class=\"twitter-tweet\"><blockquote class=\"twitter-tweet\" data-lang=\"es\"><p lang=\"es\" dir=\"ltr\">Y ante grave inseguridad, ola de cr\u00edmenes y paro de polic\u00edas, el gobernador <a href=\"https:\/\/twitter.com\/salomonj?ref_src=twsrc%5Etfw\">@salomonj<\/a>, s\u00f3lo culpa al pasado:<br>\u201cSe\u00f1or Vera (<a href=\"https:\/\/twitter.com\/polux100?ref_src=twsrc%5Etfw\">@polux100<\/a>), deje de estar haciendo de las suyas porque nosotros nos nos vamos a quedar cruzado de brazos\u201d. <a href=\"https:\/\/t.co\/lp2PgpoOyg\">pic.twitter.com\/lp2PgpoOyg<\/a><\/p>&mdash; Zona Roja Oaxaca (@ZonaRoja_Oaxaca) <a href=\"https:\/\/twitter.com\/ZonaRoja_Oaxaca\/status\/1627769045201338368?ref_src=twsrc%5Etfw\">20 de febrero de 2023<\/a><\/blockquote><\/div>\n<\/div><\/figure>\n","protected":false},"excerpt":{"rendered":"<p>Yuridiana Sosa\/Zona Roja. Oaxaca de Ju\u00e1rez, Oax., a 20 de febrero de 2023.- Mientras que&hellip;<\/p>\n","protected":false},"author":2,"featured_media":51887,"comment_status":"closed","ping_status":"open","sticky":false,"template":"","format":"standard","meta":{"_lmt_disableupdate":"","_lmt_disable":"","_jetpack_memberships_contains_paid_content":false,"footnotes":""},"categories":[109,51],"tags":[148,133],"class_list":["post-51883","post","type-post","status-publish","format-standard","has-post-thumbnail","hentry","category-minuto-a-minuto","category-zona-roja","tag-oaxaca-de-juarez","tag-santa-cruz-xoxocotlan"],"jetpack_featured_media_url":"https:\/\/zonaroja.com.mx\/wp-content\/uploads\/2023\/02\/Asesinado-Santa-Cruz-Xoxocotlan.jpg","jetpack_sharing_enabled":true,"_links":{"self":[{"href":"https:\/\/zonaroja.com.mx\/index.php?rest_route=\/wp\/v2\/posts\/51883","targetHints":{"allow":["GET"]}}],"collection":[{"href":"https:\/\/zonaroja.com.mx\/index.php?rest_route=\/wp\/v2\/posts"}],"about":[{"href":"https:\/\/zonaroja.com.mx\/index.php?rest_route=\/wp\/v2\/types\/post"}],"author":[{"embeddable":true,"href":"https:\/\/zonaroja.com.mx\/index.php?rest_route=\/wp\/v2\/users\/2"}],"replies":[{"embeddable":true,"href":"https:\/\/zonaroja.com.mx\/index.php?rest_route=%2Fwp%2Fv2%2Fcomments&post=51883"}],"version-history":[{"count":2,"href":"https:\/\/zonaroja.com.mx\/index.php?rest_route=\/wp\/v2\/posts\/51883\/revisions"}],"predecessor-version":[{"id":51888,"href":"https:\/\/zonaroja.com.mx\/index.php?rest_route=\/wp\/v2\/posts\/51883\/revisions\/51888"}],"wp:featuredmedia":[{"embeddable":true,"href":"https:\/\/zonaroja.com.mx\/index.php?rest_route=\/wp\/v2\/media\/51887"}],"wp:attachment":[{"href":"https:\/\/zonaroja.com.mx\/index.php?rest_route=%2Fwp%2Fv2%2Fmedia&parent=51883"}],"wp:term":[{"taxonomy":"category","embeddable":true,"href":"https:\/\/zonaroja.com.mx\/index.php?rest_route=%2Fwp%2Fv2%2Fcategories&post=51883"},{"taxonomy":"post_tag","embeddable":true,"href":"https:\/\/zonaroja.com.mx\/index.php?rest_route=%2Fwp%2Fv2%2Ftags&post=51883"}],"curies":[{"name":"wp","href":"https:\/\/api.w.org\/{rel}","templated":true}]}}