{"id":51893,"date":"2023-02-20T20:11:58","date_gmt":"2023-02-21T02:11:58","guid":{"rendered":"http:\/\/www.zonaroja.com.mx\/?p=51893"},"modified":"2023-02-20T20:12:02","modified_gmt":"2023-02-21T02:12:02","slug":"cerro-oaxaca-el-2022-con-la-mayor-informalidad-laboral-otra-vez-inegi","status":"publish","type":"post","link":"https:\/\/zonaroja.com.mx\/?p=51893","title":{"rendered":"Cerr\u00f3 Oaxaca el 2022 con la mayor informalidad laboral, otra vez: Inegi"},"content":{"rendered":"\n<p>Yuridiana Sosa\/Zona Roja.<\/p>\n\n\n\n<p>Oaxaca de Ju\u00e1rez, Oax., a 20 de febrero de 2023.- Para miles de familias en Oaxaca, el empleo informal es la principal actividad econ\u00f3mica para sus ingresos, de tal forma que la entidad cerr\u00f3 el 2022 con el porcentaje m\u00e1s alto de la informalidad laboral en M\u00e9xico, con el 81.2 por ciento de su poblaci\u00f3n activa.<\/p>\n\n\n\n<p>As\u00ed lo dio a conocer el Instituto Nacional de Geograf\u00eda (Inegi) a trav\u00e9s de la Encuesta Nacional de Ocupaci\u00f3n y Empleo, Nueva Edici\u00f3n (ENOEN) al cuarto trimestre de 2022, en el que tambi\u00e9n detall\u00f3 que la ciudad de Oaxaca de Ju\u00e1rez es uno de los municipios con la informalidad m\u00e1s alta en M\u00e9xico.<\/p>\n\n\n\n<p>El reporte m\u00e1s reciente revel\u00f3 que Oaxaca super\u00f3 por varios puntos porcentuales a estados que tambi\u00e9n ocuparon los primeros lugares en la informalidad laboral, como son Guerrero con el 79 por ciento y Chiapas, 75.2 por ciento.<\/p>\n\n\n\n<p>La tasa de ocupaci\u00f3n \u2014que representa a las personas que trabajaron en la semana anterior a la entrevista, o que no trabajaron, pero manten\u00edan un v\u00ednculo laboral con la unidad econ\u00f3mica para la que trabajan\u2014 mostr\u00f3 que el porcentaje de personas ocupadas fue mayor en Guerrero, con 99.2 por ciento, seguido de Oaxaca, con 98.7 por ciento y Michoac\u00e1n de Ocampo 98.3 por ciento.&nbsp;<\/p>\n\n\n\n<p>Al cierre del 2021, la entidad oaxaque\u00f1a tambi\u00e9n se coron\u00f3 por sus altos niveles en dicho \u00e1mbito, con un 81.8 por ciento de su poblaci\u00f3n ocupada en el sector de la informalidad.<\/p>\n\n\n\n<p>Por lo que dichos estados arrojaron las tasas m\u00e1s bajas en desocupaci\u00f3n, Guerrero 0.8 por ciento, Oaxaca 1.3 por ciento y Michoac\u00e1n de Ocampo 1.7 por ciento.<\/p>\n\n\n\n<p>CAPITAL INFORMAL<\/p>\n\n\n\n<p>El Inegi report\u00f3 que Oaxaca se encuentra entre las primeras ciudades con la tasa de subocupaci\u00f3n, que es la poblaci\u00f3n ocupada que declar\u00f3 tener necesidad y disponibilidad para trabajar m\u00e1s horas.<\/p>\n\n\n\n<p>Los porcentajes m\u00e1s altos se mostraron en las \u00e1reas metropolitanas de Ciudad del Carmen, 23.9 por ciento; Coatzacoalcos, 14.9 por ciento, Tapachula, 13.9 por ciento; Tlaxcala, 13.4 por ciento , Oaxaca, 10.3; Ciudad de M\u00e9xico, 10.2 por ciento y La Paz, 9.3 por ciento. &nbsp;<\/p>\n\n\n\n<p>Pero, los niveles m\u00e1s altos de ocupaci\u00f3n en la informalidad se presentaron en Tlaxcala 66.8 por ciento; Acapulco, 59.9 por ciento y Oaxaca, 56.9 por ciento.<\/p>\n\n\n\n<p>Esos resultados reflejan que Oaxaca de Ju\u00e1rez tambi\u00e9n sea de las \u00e1reas urbanas con menor desocupaci\u00f3n; entre las que destacan Acapulco, Reynosa, Ciudad Ju\u00e1rez, Oaxaca, M\u00e9rida, Chihuahua, Canc\u00fan, Colima y La Paz.<\/p>\n\n\n\n<p>NACIONAL<\/p>\n\n\n\n<p>Al cierre del 2022, la Poblaci\u00f3n Econ\u00f3micamente Activa (PEA) del pa\u00eds fue de 60.1 millones de personas, 1.4 millones m\u00e1s que en el cuarto trimestre del a\u00f1o previo. La poblaci\u00f3n ocupada en los establecimientos medianos creci\u00f3 en 468 mil personas; en los peque\u00f1os, 435 mil y en los grandes, 365 mil.<\/p>\n\n\n\n<p>En el cuarto trimestre de 2022, la poblaci\u00f3n subocupada fue menor al del periodo anterior, con 4.4 millones de personas y represent\u00f3 una tasa de 7.5 % de la poblaci\u00f3n ocupada.<\/p>\n\n\n\n<p>En el trimestre de referencia, la poblaci\u00f3n desocupada fue de 1.8 millones de personas. La Tasa de Desocupaci\u00f3n correspondiente fue de tres por ciento de la Poblaci\u00f3n Econ\u00f3micamente Activa, lo cual es menor a la del mismo periodo de un a\u00f1o antes, con 3.7 por ciento.<\/p>\n\n\n\n<p>Por otra parte, la Poblaci\u00f3n No Econ\u00f3micamente Activa (PNEA) \u2013 que agrupa a las personas que no participan en la actividad econ\u00f3mica ni como ocupadas ni como desocupadas- fue de 39.4 millones de personas, que equivale a 352 mil menos respecto al mismo trimestre de 2021.<\/p>\n","protected":false},"excerpt":{"rendered":"<p>Yuridiana Sosa\/Zona Roja. Oaxaca de Ju\u00e1rez, Oax., a 20 de febrero de 2023.- Para miles&hellip;<\/p>\n","protected":false},"author":2,"featured_media":48903,"comment_status":"closed","ping_status":"open","sticky":false,"template":"","format":"standard","meta":{"_lmt_disableupdate":"","_lmt_disable":"","_jetpack_memberships_contains_paid_content":false,"footnotes":""},"categories":[109,47],"tags":[],"class_list":["post-51893","post","type-post","status-publish","format-standard","has-post-thumbnail","hentry","category-minuto-a-minuto","category-zona-gris"],"jetpack_featured_media_url":"https:\/\/zonaroja.com.mx\/wp-content\/uploads\/2022\/12\/Ambulantes-Santo-Domingo-ciudad-Oaxaca.jpg","jetpack_sharing_enabled":true,"_links":{"self":[{"href":"https:\/\/zonaroja.com.mx\/index.php?rest_route=\/wp\/v2\/posts\/51893","targetHints":{"allow":["GET"]}}],"collection":[{"href":"https:\/\/zonaroja.com.mx\/index.php?rest_route=\/wp\/v2\/posts"}],"about":[{"href":"https:\/\/zonaroja.com.mx\/index.php?rest_route=\/wp\/v2\/types\/post"}],"author":[{"embeddable":true,"href":"https:\/\/zonaroja.com.mx\/index.php?rest_route=\/wp\/v2\/users\/2"}],"replies":[{"embeddable":true,"href":"https:\/\/zonaroja.com.mx\/index.php?rest_route=%2Fwp%2Fv2%2Fcomments&post=51893"}],"version-history":[{"count":1,"href":"https:\/\/zonaroja.com.mx\/index.php?rest_route=\/wp\/v2\/posts\/51893\/revisions"}],"predecessor-version":[{"id":51894,"href":"https:\/\/zonaroja.com.mx\/index.php?rest_route=\/wp\/v2\/posts\/51893\/revisions\/51894"}],"wp:featuredmedia":[{"embeddable":true,"href":"https:\/\/zonaroja.com.mx\/index.php?rest_route=\/wp\/v2\/media\/48903"}],"wp:attachment":[{"href":"https:\/\/zonaroja.com.mx\/index.php?rest_route=%2Fwp%2Fv2%2Fmedia&parent=51893"}],"wp:term":[{"taxonomy":"category","embeddable":true,"href":"https:\/\/zonaroja.com.mx\/index.php?rest_route=%2Fwp%2Fv2%2Fcategories&post=51893"},{"taxonomy":"post_tag","embeddable":true,"href":"https:\/\/zonaroja.com.mx\/index.php?rest_route=%2Fwp%2Fv2%2Ftags&post=51893"}],"curies":[{"name":"wp","href":"https:\/\/api.w.org\/{rel}","templated":true}]}}