{"id":51895,"date":"2023-02-20T20:53:29","date_gmt":"2023-02-21T02:53:29","guid":{"rendered":"http:\/\/www.zonaroja.com.mx\/?p=51895"},"modified":"2023-02-20T20:53:32","modified_gmt":"2023-02-21T02:53:32","slug":"con-dialogo-atiende-edil-de-xoxocotlan-demanda-de-agua-de-vecinos","status":"publish","type":"post","link":"https:\/\/zonaroja.com.mx\/?p=51895","title":{"rendered":"Con di\u00e1logo, atiende edil de Xoxocotl\u00e1n demanda de agua de vecinos"},"content":{"rendered":"\n<p>Redacci\u00f3n\/Zona Roja.<\/p>\n\n\n\n<p>Oaxaca de Ju\u00e1rez, Oax., a 20 de febrero de 2023.-El presidente municipal de Santa Cruz Xoxocotl\u00e1n, Inocente Castellanos Alejos, recibi\u00f3 esta ma\u00f1ana en palacio municipal, a la representaci\u00f3n de las colonias Ignacio Zaragoza, Ojito de Agua, Crucecita, Alianza, La Guadalupe, Los \u00c1ngeles y del Barrio Los Huamuches.<\/p>\n\n\n\n<p>Lo anterior, para resolver sus dudas respecto a la distribuci\u00f3n del agua potable, servicio que se hab\u00eda visto afectado por los trabajos de reparaci\u00f3n de la bomba de agua y que ser\u00eda restablecido el d\u00eda 22 de febrero del presente a\u00f1o.<\/p>\n\n\n\n<p>\u00abMi gobierno siempre ha sido de puertas abiertas para atender a todos sin distingo y para aclarar cualquier situaci\u00f3n que se pueda derivar de rumores que lo \u00fanico que buscan es quitarle la tranquilidad a las familias\u00bb , dijo Castellanos Alejos.<\/p>\n\n\n\n<p>El mun\u00edcipe destac\u00f3 que la unidad que se ha construido a base de di\u00e1logo, consenso y la participaci\u00f3n de todos, es el pilar de su administraci\u00f3n.<\/p>\n\n\n\n<p>\u00abEstamos trabajando en sus colonias, no s\u00f3lo para restablecer este servicio y mejorarlo, porque no s\u00f3lo ustedes, sino muchas colonias m\u00e1s, padecieron durante a\u00f1os por la escasez o recib\u00edan agua de mala calidad. Y hoy en mi gobierno, estamos trabajando para mejorarlo y para que les llegue a todos\u201d, expuso.<\/p>\n\n\n\n<p>Durante la reuni\u00f3n con los vecinos, se firm\u00f3 una minuta de trabajo en la que se estableci\u00f3 que el d\u00eda mi\u00e9rcoles 22 de febrero se reanudar\u00eda el servicio de agua potable y que seguir\u00e1n trabajando para avanzar unidos hacia una mejor calidad de vida.<\/p>\n\n\n\n<p>Adem\u00e1s se determin\u00f3 que la distribuci\u00f3n del agua potable quedar\u00eda de la siguiente manera:&nbsp;<\/p>\n\n\n\n<p>Los d\u00edas mi\u00e9rcoles de cada semana &nbsp;se brindar\u00e1 el servicio a las colonias Ojito de Agua, Crucecita e Ignacio Zaragoza, en un horario de 9:00 a 9:50 horas; a las colonias Alianza, La Guadalupe y el Barrio Los Huamuches, de 15:00 a 15:50 horas; los d\u00edas viernes de cada semana a la colonia Los \u00c1ngeles, en un horario de 9:00 a 9:50 horas.<\/p>\n\n\n\n<p>Cabe se\u00f1alar que de los 50 minutos de bombeo, 20 son para el rellenado natural de las tuber\u00edas, para no afectar la distribuci\u00f3n de la siguiente semana.&nbsp;<\/p>\n\n\n\n<p>\u00abUna vez m\u00e1s estamos demostramos que somos un pueblo unido, dispuesto a trabajar para mejorar la calidad de vida de las familias xoxe\u00f1as y que juntos seguimos saliendo adelante de cualquier problema\u201d, dijo.<\/p>\n\n\n\n<figure class=\"wp-block-embed is-type-rich is-provider-twitter wp-block-embed-twitter\"><div class=\"wp-block-embed__wrapper\">\n<div class=\"twitter-tweet\"><blockquote class=\"twitter-tweet\" data-lang=\"es\"><p lang=\"es\" dir=\"ltr\">El di\u00e1logo es la ruta para establecer acuerdos en favor de las familias.<br>Agradezco a mis vecinos de diversas colonias, su disposici\u00f3n para resolver juntos la problem\u00e1tica del agua potable en sus asentamientos.<br>Seguir\u00e9 caminando de la mano con la ciudadan\u00eda, sin importar colores. <a href=\"https:\/\/t.co\/JqmnuQyURH\">pic.twitter.com\/JqmnuQyURH<\/a><\/p>&mdash; Dr. Chente Castellanos (@DrCCastellanos) <a href=\"https:\/\/twitter.com\/DrCCastellanos\/status\/1627780738765451266?ref_src=twsrc%5Etfw\">20 de febrero de 2023<\/a><\/blockquote><\/div>\n<\/div><\/figure>\n","protected":false},"excerpt":{"rendered":"<p>Redacci\u00f3n\/Zona Roja. Oaxaca de Ju\u00e1rez, Oax., a 20 de febrero de 2023.-El presidente municipal de&hellip;<\/p>\n","protected":false},"author":2,"featured_media":51896,"comment_status":"closed","ping_status":"open","sticky":false,"template":"","format":"standard","meta":{"_lmt_disableupdate":"","_lmt_disable":"","_jetpack_memberships_contains_paid_content":false,"footnotes":""},"categories":[109,46],"tags":[133],"class_list":["post-51895","post","type-post","status-publish","format-standard","has-post-thumbnail","hentry","category-minuto-a-minuto","category-zona-blanca","tag-santa-cruz-xoxocotlan"],"jetpack_featured_media_url":"https:\/\/zonaroja.com.mx\/wp-content\/uploads\/2023\/02\/Reunion-agua-vecinos-Xoxocotlan.jpg","jetpack_sharing_enabled":true,"_links":{"self":[{"href":"https:\/\/zonaroja.com.mx\/index.php?rest_route=\/wp\/v2\/posts\/51895","targetHints":{"allow":["GET"]}}],"collection":[{"href":"https:\/\/zonaroja.com.mx\/index.php?rest_route=\/wp\/v2\/posts"}],"about":[{"href":"https:\/\/zonaroja.com.mx\/index.php?rest_route=\/wp\/v2\/types\/post"}],"author":[{"embeddable":true,"href":"https:\/\/zonaroja.com.mx\/index.php?rest_route=\/wp\/v2\/users\/2"}],"replies":[{"embeddable":true,"href":"https:\/\/zonaroja.com.mx\/index.php?rest_route=%2Fwp%2Fv2%2Fcomments&post=51895"}],"version-history":[{"count":1,"href":"https:\/\/zonaroja.com.mx\/index.php?rest_route=\/wp\/v2\/posts\/51895\/revisions"}],"predecessor-version":[{"id":51897,"href":"https:\/\/zonaroja.com.mx\/index.php?rest_route=\/wp\/v2\/posts\/51895\/revisions\/51897"}],"wp:featuredmedia":[{"embeddable":true,"href":"https:\/\/zonaroja.com.mx\/index.php?rest_route=\/wp\/v2\/media\/51896"}],"wp:attachment":[{"href":"https:\/\/zonaroja.com.mx\/index.php?rest_route=%2Fwp%2Fv2%2Fmedia&parent=51895"}],"wp:term":[{"taxonomy":"category","embeddable":true,"href":"https:\/\/zonaroja.com.mx\/index.php?rest_route=%2Fwp%2Fv2%2Fcategories&post=51895"},{"taxonomy":"post_tag","embeddable":true,"href":"https:\/\/zonaroja.com.mx\/index.php?rest_route=%2Fwp%2Fv2%2Ftags&post=51895"}],"curies":[{"name":"wp","href":"https:\/\/api.w.org\/{rel}","templated":true}]}}