{"id":51898,"date":"2023-02-21T07:30:00","date_gmt":"2023-02-21T13:30:00","guid":{"rendered":"http:\/\/www.zonaroja.com.mx\/?p=51898"},"modified":"2023-02-21T06:08:30","modified_gmt":"2023-02-21T12:08:30","slug":"aumenta-a-17-el-numero-de-migrantes-muertos-por-accidente-en-supercarretera","status":"publish","type":"post","link":"https:\/\/zonaroja.com.mx\/?p=51898","title":{"rendered":"Aumenta a 17 el n\u00famero de migrantes muertos por accidente en supercarretera"},"content":{"rendered":"\n<p>Redacci\u00f3n\/Zona Roja Cdmx.<\/p>\n\n\n\n<p>Ciudad de M\u00e9xico, a 21 de febrero de 2023.- Autoridades mexicanas subieron este lunes a 17 la cifra de migrantes muertos, de Centroam\u00e9rica, Colombia y Venezuela, por el accidente del domingo en una carretera de Puebla.<\/p>\n\n\n\n<p>Oficiales de Puebla confirmaron el deceso de dos personas m\u00e1s que estaban internadas en el Hospital General de Tehuac\u00e1n tras el accidente en la carretera Oaxaca-Cuacnopalan, en el kil\u00f3metro 88, donde en el momento murieron 15 pasajeros.<\/p>\n\n\n\n<p>El secretario de Gobernaci\u00f3n de Puebla, Julio Miguel Huerta G\u00f3mez, detall\u00f3 que la volcadura del cami\u00f3n se registr\u00f3 alrededor de las 14:30 h local por lo que las unidades de emergencia acudieron para atender el siniestro.<\/p>\n\n\n\n<p>En una rueda de prensa, refiri\u00f3 que en el autob\u00fas viajaban 45 extranjeros indocumentados, la mayor\u00eda provenientes de Colombia, Venezuela y Centroam\u00e9rica.<\/p>\n\n\n\n<p>Reiter\u00f3 que, hasta el momento es de 17 migrantes fallecidos, hombres y mujeres, mientras otros 5 se reportan en estado de gravedad y ocho m\u00e1s est\u00e1n por darse de alta.<\/p>\n\n\n\n<p>El Gobierno estatal asegur\u00f3 que seguir\u00e1 la evoluci\u00f3n de su salud y colaborar\u00e1 con las autoridades migratorias para definir la situaci\u00f3n de los afectados.<\/p>\n\n\n\n<p>Huerta G\u00f3mez enfatiz\u00f3 que desde la llamada de urgencia realizaron las diligencia necesarias para atender a cada uno de los involucrados.<\/p>\n\n\n\n<p>Seg\u00fan organizaciones civiles mexicanas, 2022 fue el a\u00f1o m\u00e1s tr\u00e1gico para los migrantes en M\u00e9xico, pues unos 900 murieron en el intento de cruzar sin documentos desde el pa\u00eds hacia Estados Unidos.<\/p>\n\n\n\n<p>Las muertes de migrantes que viajan hacinados en autobuses ha llamado la atenci\u00f3n, y tan solo el 7 de febrero 14 migrantes murieron en un accidente similar en Nuevo Le\u00f3n, estado fronterizo con Estados Unidos.<\/p>\n\n\n\n<p>La regi\u00f3n vive un flujo migratorio r\u00e9cord, con 2.76 millones de indocumentados detenidos en la frontera de Estados Unidos con M\u00e9xico en el a\u00f1o fiscal 2022.<\/p>\n\n\n\n<p>Tambi\u00e9n el a\u00f1o pasado, seg\u00fan datos de la Comisi\u00f3n Mexicana de Ayuda a Refugiados (Comar), M\u00e9xico recibi\u00f3 118 mil 478 peticiones de migrantes que solicitaron asilo, la segunda cifra m\u00e1s alta tras la de 2021 con 131 mil 448 casos.<\/p>\n\n\n\n<p>(Con informaci\u00f3n de EFE, en L\u00f3pez-D\u00f3riga Digital)<\/p>\n","protected":false},"excerpt":{"rendered":"<p>Redacci\u00f3n\/Zona Roja Cdmx. Ciudad de M\u00e9xico, a 21 de febrero de 2023.- Autoridades mexicanas subieron&hellip;<\/p>\n","protected":false},"author":2,"featured_media":51899,"comment_status":"closed","ping_status":"open","sticky":false,"template":"","format":"standard","meta":{"_lmt_disableupdate":"","_lmt_disable":"","_jetpack_memberships_contains_paid_content":false,"footnotes":""},"categories":[109,47],"tags":[676],"class_list":["post-51898","post","type-post","status-publish","format-standard","has-post-thumbnail","hentry","category-minuto-a-minuto","category-zona-gris","tag-accidente-supercarretera-oaxaca-cuacnopalan"],"jetpack_featured_media_url":"https:\/\/zonaroja.com.mx\/wp-content\/uploads\/2023\/02\/Accidente-carretero-Cuacnopalan-migrantes.jpeg","jetpack_sharing_enabled":true,"_links":{"self":[{"href":"https:\/\/zonaroja.com.mx\/index.php?rest_route=\/wp\/v2\/posts\/51898","targetHints":{"allow":["GET"]}}],"collection":[{"href":"https:\/\/zonaroja.com.mx\/index.php?rest_route=\/wp\/v2\/posts"}],"about":[{"href":"https:\/\/zonaroja.com.mx\/index.php?rest_route=\/wp\/v2\/types\/post"}],"author":[{"embeddable":true,"href":"https:\/\/zonaroja.com.mx\/index.php?rest_route=\/wp\/v2\/users\/2"}],"replies":[{"embeddable":true,"href":"https:\/\/zonaroja.com.mx\/index.php?rest_route=%2Fwp%2Fv2%2Fcomments&post=51898"}],"version-history":[{"count":2,"href":"https:\/\/zonaroja.com.mx\/index.php?rest_route=\/wp\/v2\/posts\/51898\/revisions"}],"predecessor-version":[{"id":51905,"href":"https:\/\/zonaroja.com.mx\/index.php?rest_route=\/wp\/v2\/posts\/51898\/revisions\/51905"}],"wp:featuredmedia":[{"embeddable":true,"href":"https:\/\/zonaroja.com.mx\/index.php?rest_route=\/wp\/v2\/media\/51899"}],"wp:attachment":[{"href":"https:\/\/zonaroja.com.mx\/index.php?rest_route=%2Fwp%2Fv2%2Fmedia&parent=51898"}],"wp:term":[{"taxonomy":"category","embeddable":true,"href":"https:\/\/zonaroja.com.mx\/index.php?rest_route=%2Fwp%2Fv2%2Fcategories&post=51898"},{"taxonomy":"post_tag","embeddable":true,"href":"https:\/\/zonaroja.com.mx\/index.php?rest_route=%2Fwp%2Fv2%2Ftags&post=51898"}],"curies":[{"name":"wp","href":"https:\/\/api.w.org\/{rel}","templated":true}]}}