{"id":5190,"date":"2019-10-27T15:29:09","date_gmt":"2019-10-27T21:29:09","guid":{"rendered":"http:\/\/www.zonaroja.com.mx\/?p=5190"},"modified":"2019-10-27T16:09:38","modified_gmt":"2019-10-27T22:09:38","slug":"temen-enfrentamiento-este-lunes-entre-seccion-2-y-padres-por-caso-tlacolula","status":"publish","type":"post","link":"https:\/\/zonaroja.com.mx\/?p=5190","title":{"rendered":"Temen enfrentamiento este lunes entre Secci\u00f3n 22 y padres por caso Tlacolula"},"content":{"rendered":"\n<p>Ismael Garc\u00eda\nM.\/Zona Roja.<\/p>\n\n\n\n<p>Oaxaca de\nJu\u00e1rez, Oax., 27 de octubre de 2019.- En tanto la Secci\u00f3n 22 del Sindicato\nNacional de Trabajadores de la Educaci\u00f3n (SNTE) anunci\u00f3 la recuperaci\u00f3n de las\ndos escuelas en disputa en Tlacolula de Matamoros, padres de familia se\npreparan para defender el plantel.<\/p>\n\n\n\n<p>La\nrepresentaci\u00f3n de Valles Centrales emiti\u00f3 una circular en que se declar\u00f3 \u201cen\nalerta m\u00e1xima ante los actos de provocaci\u00f3n y agresi\u00f3n que se est\u00e1n ejerciendo\nen contra de los compa\u00f1eros y padres de familia en las escuelas primarias \u2018Presidente\nL\u00f3pez Mateos\u2019 y \u2018Sor Juana In\u00e9s de la Cruz\u2019, que mantienen en resguardo el\npredio\u201d en Tlacolula de Matamoros.<\/p>\n\n\n\n<p>Ante ello,\ndio a conocer un plan de acci\u00f3n:<\/p>\n\n\n\n<p>* A partir\nde ahora y de manera permanente, (designar) dos por delegaci\u00f3n y uno por centro\nde trabajo de la membres\u00eda de Valles Centrales, para acciones que se\nemprender\u00e1n en caso de agresi\u00f3n.<\/p>\n\n\n\n<p>* Martes 29\nde octubre de 2019, 16:00 horas, marcha de la Defensor\u00eda Estatal de Derechos\nHumanos (sic) al z\u00f3calo, con el 20 por ciento de la membres\u00eda regional y masiva\nel sector Tlacolula, en la exigencia de la minuta de acuerdos signada el 5 de\noctubre de 2019.<\/p>\n\n\n\n<p>Martes 29 de octubre de 2019, a las 18:00 horas, conferencia de prensa en el auditorio \u201cJacobo Herrera Salazar\u201d del edificio hist\u00f3rico del centro de la ciudad de Oaxaca.<\/p>\n\n\n\n<figure class=\"wp-block-embed-twitter wp-block-embed is-type-rich is-provider-twitter\"><div class=\"wp-block-embed__wrapper\">\n<div class=\"twitter-tweet\"><blockquote class=\"twitter-tweet\" data-lang=\"es\"><p lang=\"es\" dir=\"ltr\"><a href=\"https:\/\/twitter.com\/hashtag\/OaxacaGris?src=hash&amp;ref_src=twsrc%5Etfw\">#OaxacaGris<\/a><br>En funciones de titular de <a href=\"https:\/\/twitter.com\/SEGEGO_GobOax?ref_src=twsrc%5Etfw\">@SEGEGO_GobOax<\/a>, el responsable de la <a href=\"https:\/\/twitter.com\/CEPCO_GobOax?ref_src=twsrc%5Etfw\">@CEPCO_GobOax<\/a>, <a href=\"https:\/\/twitter.com\/Heliodoro_hcde?ref_src=twsrc%5Etfw\">@Heliodoro_hcde<\/a>, se involucra en la problem\u00e1tica de escuelas en disputa en Tlacolula; un sector de la poblaci\u00f3n pedir\u00e1 su renuncia por ofrecer suspender obras de rehabilitaci\u00f3n. <a href=\"https:\/\/t.co\/3aszoYL5CO\">pic.twitter.com\/3aszoYL5CO<\/a><\/p>&mdash; Zona Roja Oaxaca (@MexRoja) <a href=\"https:\/\/twitter.com\/MexRoja\/status\/1188569481431470081?ref_src=twsrc%5Etfw\">27 de octubre de 2019<\/a><\/blockquote><\/div>\n<\/div><\/figure>\n\n\n\n<p>A su vez, bajo\nel lema \u201c\u00a1Para el pueblo lo que es del pueblo!\u201d, otro grupo de padres de\nfamilia llam\u00f3 \u201ca todo el pueblo de Tlacolula a la defensa del espacio para la\nreconstrucci\u00f3n de las escuelas\u201d en disputa.<\/p>\n\n\n\n<p>Para ello,\nse movilizar\u00e1n el lunes a partir de las 16:00 horas de este lunes del crucero\nde la gasoliner\u00eda, sobre la carretera federal 190, hacia el centro de la\npoblaci\u00f3n.<\/p>\n\n\n\n<p>Apenas el\npasado viernes, un grupo de tutores tir\u00f3 la barda met\u00e1lica de dicho plantel,\ningres\u00f3 y comenz\u00f3 a rellenar los cimientos, adem\u00e1s de quemar la madera; para\nevitar conflictos llegaron elementos de la Polic\u00eda Estatal.<\/p>\n\n\n\n<p>Sin embargo,\npor la tarde se suscit\u00f3 un zafarrancho entre uniformados y pobladores, con saldo\nde dos polic\u00edas lesionados. La disputa por el plantel lleva m\u00e1s de un mes en\nque en por varias semanas el edil respald\u00f3 la cancelaci\u00f3n de las obras de\nreconstrucci\u00f3n de la escuela da\u00f1ada por el sismo de septiembre de 2017 e\nincluso involucr\u00f3 al Presidente Andr\u00e9s Manuel L\u00f3pez Obrador en su presunta\ndefensa.<\/p>\n\n\n\n<p>La semana\npasada a trav\u00e9s de un video en Facebook, dijo que renunciar\u00eda al cargo ante\ntantos problemas en la poblaci\u00f3n.<\/p>\n","protected":false},"excerpt":{"rendered":"<p>Ismael Garc\u00eda M.\/Zona Roja. Oaxaca de Ju\u00e1rez, Oax., 27 de octubre de 2019.- En tanto&hellip;<\/p>\n","protected":false},"author":2,"featured_media":5191,"comment_status":"closed","ping_status":"open","sticky":false,"template":"","format":"standard","meta":{"_lmt_disableupdate":"","_lmt_disable":"","_jetpack_memberships_contains_paid_content":false,"footnotes":""},"categories":[109,47],"tags":[127],"class_list":["post-5190","post","type-post","status-publish","format-standard","has-post-thumbnail","hentry","category-minuto-a-minuto","category-zona-gris","tag-tlacolula-de-matamoros"],"jetpack_featured_media_url":"https:\/\/zonaroja.com.mx\/wp-content\/uploads\/2019\/10\/Image-1-41.png","jetpack_sharing_enabled":true,"_links":{"self":[{"href":"https:\/\/zonaroja.com.mx\/index.php?rest_route=\/wp\/v2\/posts\/5190","targetHints":{"allow":["GET"]}}],"collection":[{"href":"https:\/\/zonaroja.com.mx\/index.php?rest_route=\/wp\/v2\/posts"}],"about":[{"href":"https:\/\/zonaroja.com.mx\/index.php?rest_route=\/wp\/v2\/types\/post"}],"author":[{"embeddable":true,"href":"https:\/\/zonaroja.com.mx\/index.php?rest_route=\/wp\/v2\/users\/2"}],"replies":[{"embeddable":true,"href":"https:\/\/zonaroja.com.mx\/index.php?rest_route=%2Fwp%2Fv2%2Fcomments&post=5190"}],"version-history":[{"count":3,"href":"https:\/\/zonaroja.com.mx\/index.php?rest_route=\/wp\/v2\/posts\/5190\/revisions"}],"predecessor-version":[{"id":5194,"href":"https:\/\/zonaroja.com.mx\/index.php?rest_route=\/wp\/v2\/posts\/5190\/revisions\/5194"}],"wp:featuredmedia":[{"embeddable":true,"href":"https:\/\/zonaroja.com.mx\/index.php?rest_route=\/wp\/v2\/media\/5191"}],"wp:attachment":[{"href":"https:\/\/zonaroja.com.mx\/index.php?rest_route=%2Fwp%2Fv2%2Fmedia&parent=5190"}],"wp:term":[{"taxonomy":"category","embeddable":true,"href":"https:\/\/zonaroja.com.mx\/index.php?rest_route=%2Fwp%2Fv2%2Fcategories&post=5190"},{"taxonomy":"post_tag","embeddable":true,"href":"https:\/\/zonaroja.com.mx\/index.php?rest_route=%2Fwp%2Fv2%2Ftags&post=5190"}],"curies":[{"name":"wp","href":"https:\/\/api.w.org\/{rel}","templated":true}]}}