{"id":51901,"date":"2023-02-20T22:23:43","date_gmt":"2023-02-21T04:23:43","guid":{"rendered":"http:\/\/www.zonaroja.com.mx\/?p=51901"},"modified":"2023-02-20T22:23:47","modified_gmt":"2023-02-21T04:23:47","slug":"reportan-la-muerte-de-dos-personas-en-la-costa-y-una-en-la-canada","status":"publish","type":"post","link":"https:\/\/zonaroja.com.mx\/?p=51901","title":{"rendered":"Reportan la muerte de dos personas en la Costa y una en la Ca\u00f1ada"},"content":{"rendered":"\n<p>Redacci\u00f3n\/Zona Roja.<\/p>\n\n\n\n<p>Oaxaca de Ju\u00e1rez, Oax., a 20 de febrero de 2023.- Los cuerpos de tres personas, presuntamente ahogadas, fueron rescatadas ayer en r\u00edos de las regiones Costa y Ca\u00f1ada de Oaxaca.<\/p>\n\n\n\n<p>De acuerdo con informes policiacos, en un afluente del municipio coste\u00f1o de Santos Reyes Nopala, fueron hallados los cuerpos de dos masculinos.&nbsp;<\/p>\n\n\n\n<p>Supuestamente perdieron la vida por ahogamiento; fueron identificados como Omar M. M., de 16 a\u00f1os de edad, y Uziel N. N., de 18 a\u00f1os, originarios de Santa Mar\u00eda Huazolotitl\u00e1n.<\/p>\n\n\n\n<p>Mientras que en el r\u00edo \u201cGrande\u201d de la localidad de Tomell\u00edn, en el municipio de Valerio Trujano, fue rescatado otro cuerpo sin vida, cuya identidad a\u00fan no ha sido revelada.<\/p>\n\n\n\n<p>La Fiscal\u00eda General del Estado de Oaxaca abri\u00f3 las respectivas Carpetas de Investigaci\u00f3n a fin de deslindar responsabilidades.<\/p>\n","protected":false},"excerpt":{"rendered":"<p>Redacci\u00f3n\/Zona Roja. Oaxaca de Ju\u00e1rez, Oax., a 20 de febrero de 2023.- Los cuerpos de&hellip;<\/p>\n","protected":false},"author":2,"featured_media":51902,"comment_status":"closed","ping_status":"open","sticky":false,"template":"","format":"standard","meta":{"_lmt_disableupdate":"","_lmt_disable":"","_jetpack_memberships_contains_paid_content":false,"footnotes":""},"categories":[109,47],"tags":[1085],"class_list":["post-51901","post","type-post","status-publish","format-standard","has-post-thumbnail","hentry","category-minuto-a-minuto","category-zona-gris","tag-santos-reyes-nopala"],"jetpack_featured_media_url":"https:\/\/zonaroja.com.mx\/wp-content\/uploads\/2023\/02\/Muertos-region-Mixteca.jpg","jetpack_sharing_enabled":true,"_links":{"self":[{"href":"https:\/\/zonaroja.com.mx\/index.php?rest_route=\/wp\/v2\/posts\/51901","targetHints":{"allow":["GET"]}}],"collection":[{"href":"https:\/\/zonaroja.com.mx\/index.php?rest_route=\/wp\/v2\/posts"}],"about":[{"href":"https:\/\/zonaroja.com.mx\/index.php?rest_route=\/wp\/v2\/types\/post"}],"author":[{"embeddable":true,"href":"https:\/\/zonaroja.com.mx\/index.php?rest_route=\/wp\/v2\/users\/2"}],"replies":[{"embeddable":true,"href":"https:\/\/zonaroja.com.mx\/index.php?rest_route=%2Fwp%2Fv2%2Fcomments&post=51901"}],"version-history":[{"count":1,"href":"https:\/\/zonaroja.com.mx\/index.php?rest_route=\/wp\/v2\/posts\/51901\/revisions"}],"predecessor-version":[{"id":51903,"href":"https:\/\/zonaroja.com.mx\/index.php?rest_route=\/wp\/v2\/posts\/51901\/revisions\/51903"}],"wp:featuredmedia":[{"embeddable":true,"href":"https:\/\/zonaroja.com.mx\/index.php?rest_route=\/wp\/v2\/media\/51902"}],"wp:attachment":[{"href":"https:\/\/zonaroja.com.mx\/index.php?rest_route=%2Fwp%2Fv2%2Fmedia&parent=51901"}],"wp:term":[{"taxonomy":"category","embeddable":true,"href":"https:\/\/zonaroja.com.mx\/index.php?rest_route=%2Fwp%2Fv2%2Fcategories&post=51901"},{"taxonomy":"post_tag","embeddable":true,"href":"https:\/\/zonaroja.com.mx\/index.php?rest_route=%2Fwp%2Fv2%2Ftags&post=51901"}],"curies":[{"name":"wp","href":"https:\/\/api.w.org\/{rel}","templated":true}]}}