{"id":51906,"date":"2023-02-21T08:31:00","date_gmt":"2023-02-21T14:31:00","guid":{"rendered":"http:\/\/www.zonaroja.com.mx\/?p=51906"},"modified":"2023-02-21T06:38:39","modified_gmt":"2023-02-21T12:38:39","slug":"realiza-biden-visita-sorpresiva-a-ucrania-viajo-10-horas-por-tren","status":"publish","type":"post","link":"https:\/\/zonaroja.com.mx\/?p=51906","title":{"rendered":"Realiza Biden visita sorpresiva a Ucrania; viaj\u00f3 10 horas por tren"},"content":{"rendered":"\n<p>Redacci\u00f3n\/Zona Roja Cdmx.<\/p>\n\n\n\n<p>Ciudad de M\u00e9xico, a 21 de febrero de 2023.- El presidente estadunidense Joe Biden viaj\u00f3 este lunes a Kiev en el marco del primer aniversario del inicio del conflicto armado entre Rusia y Ucrania acompa\u00f1ado de funcionarios y dos periodistas, inform\u00f3 la cadena brit\u00e1nica BBC.<\/p>\n\n\n\n<p>Es la primera vez, desde el inicio de la guerra el pasado 24 de febrero de 2022, que Biden visita el \u00e1rea del conflicto.&nbsp;<\/p>\n\n\n\n<p>Durante la noche del domingo, el horario oficial de la Casa Blanca inform\u00f3 que el presidente viajar\u00eda a Varsovia, Polonia, durante la madrugada del lunes.<\/p>\n\n\n\n<p>El presidente ten\u00eda programado volar desde Estados Unidos a Varsovia el lunes por la noche, para un viaje de dos d\u00edas.<\/p>\n\n\n\n<p>Biden viaj\u00f3 acompa\u00f1ado de sus ayudantes m\u00e1s cercanos, personal m\u00e9dico, oficiales de seguridad y&nbsp;dos periodistas a qui\u00e9nes se les retiraron los celulares.<\/p>\n\n\n\n<p>La prensa invitada s\u00f3lo pudo informar la presencia del presidente en Ucrania hasta que \u00e9ste lleg\u00f3 a Kiev despu\u00e9s de 10 horas de viaje en tren, seg\u00fan la BBC.<\/p>\n\n\n\n<p>Jake Sullivan, asesor de seguridad nacional de Biden, inform\u00f3 que Rusia fue notificada del viaje unas horas antes de la partida del presidente.<\/p>\n\n\n\n<p>El funcionario indic\u00f3 que el gobierno estadunidense \u00ablo hizo con fines no conflictivos\u00bb sin entrar en detalles de la respuesta de Mosc\u00fa.<\/p>\n\n\n\n<p>Una vez en Ucrania, el presidente Biden se reuni\u00f3 con su homologo ucraniano Volodimir Zelenski con quien declar\u00f3, entre otras cosas, que \u00abKiev resiste\u00bb y anunci\u00f3 una nueva ayuda econ\u00f3mica y armament\u00edstica para la guerra.<\/p>\n\n\n\n<p>Anteriormente, presidentes estadunidenses hab\u00edan viajado a zonas de guerra como Irak y Afganist\u00e1n, pero con un respaldo de las fuerzas armadas.<\/p>\n\n\n\n<p>Funcionarios de la Casa Blanca describieron la visita inesperada a la capital ucraniana, como una \u00absin precedentes en los tiempos modernos\u00bb.<\/p>\n\n\n\n<p>Posteriormente, el presidente Biden viaj\u00f3 a Polonia en un viaje en tren de 10 horas para regresar a Estados Unidos.<\/p>\n\n\n\n<p>(Informaci\u00f3n de \u201cMilenio\u201d)<\/p>\n","protected":false},"excerpt":{"rendered":"<p>Redacci\u00f3n\/Zona Roja Cdmx. Ciudad de M\u00e9xico, a 21 de febrero de 2023.- El presidente estadunidense&hellip;<\/p>\n","protected":false},"author":2,"featured_media":51907,"comment_status":"closed","ping_status":"open","sticky":false,"template":"","format":"standard","meta":{"_lmt_disableupdate":"","_lmt_disable":"","_jetpack_memberships_contains_paid_content":false,"footnotes":""},"categories":[109,46],"tags":[3040],"class_list":["post-51906","post","type-post","status-publish","format-standard","has-post-thumbnail","hentry","category-minuto-a-minuto","category-zona-blanca","tag-conflicto-ucrania-rusia-2"],"jetpack_featured_media_url":"https:\/\/zonaroja.com.mx\/wp-content\/uploads\/2023\/02\/Joe-Biden-visita-Ucrania-.jpeg","jetpack_sharing_enabled":true,"_links":{"self":[{"href":"https:\/\/zonaroja.com.mx\/index.php?rest_route=\/wp\/v2\/posts\/51906","targetHints":{"allow":["GET"]}}],"collection":[{"href":"https:\/\/zonaroja.com.mx\/index.php?rest_route=\/wp\/v2\/posts"}],"about":[{"href":"https:\/\/zonaroja.com.mx\/index.php?rest_route=\/wp\/v2\/types\/post"}],"author":[{"embeddable":true,"href":"https:\/\/zonaroja.com.mx\/index.php?rest_route=\/wp\/v2\/users\/2"}],"replies":[{"embeddable":true,"href":"https:\/\/zonaroja.com.mx\/index.php?rest_route=%2Fwp%2Fv2%2Fcomments&post=51906"}],"version-history":[{"count":1,"href":"https:\/\/zonaroja.com.mx\/index.php?rest_route=\/wp\/v2\/posts\/51906\/revisions"}],"predecessor-version":[{"id":51908,"href":"https:\/\/zonaroja.com.mx\/index.php?rest_route=\/wp\/v2\/posts\/51906\/revisions\/51908"}],"wp:featuredmedia":[{"embeddable":true,"href":"https:\/\/zonaroja.com.mx\/index.php?rest_route=\/wp\/v2\/media\/51907"}],"wp:attachment":[{"href":"https:\/\/zonaroja.com.mx\/index.php?rest_route=%2Fwp%2Fv2%2Fmedia&parent=51906"}],"wp:term":[{"taxonomy":"category","embeddable":true,"href":"https:\/\/zonaroja.com.mx\/index.php?rest_route=%2Fwp%2Fv2%2Fcategories&post=51906"},{"taxonomy":"post_tag","embeddable":true,"href":"https:\/\/zonaroja.com.mx\/index.php?rest_route=%2Fwp%2Fv2%2Ftags&post=51906"}],"curies":[{"name":"wp","href":"https:\/\/api.w.org\/{rel}","templated":true}]}}