{"id":51917,"date":"2023-02-21T09:32:00","date_gmt":"2023-02-21T15:32:00","guid":{"rendered":"http:\/\/www.zonaroja.com.mx\/?p=51917"},"modified":"2023-02-21T07:42:56","modified_gmt":"2023-02-21T13:42:56","slug":"pese-a-senalamientos-pide-jara-ayuda-de-medios-para-denunciar-a-funcionarios-deudores","status":"publish","type":"post","link":"https:\/\/zonaroja.com.mx\/?p=51917","title":{"rendered":"Pese a se\u00f1alamientos, pide Jara ayuda de medios para denunciar a funcionarios deudores"},"content":{"rendered":"\n<p>Yuridiana Sosa\/Zona Roja<\/p>\n\n\n\n<p>Oaxaca de Ju\u00e1rez, Oax., a 20 de febrero de 2023.- Para que sea pareja la ley de restringir el acceso a cargos p\u00fablicos a personas deudoras de pensiones alimentarias dentro del gobierno de Oaxaca, el mandatario Salom\u00f3n Jara Cruz demand\u00f3 la ayuda de los medios de comunicaci\u00f3n para exhibir dichos casos y los correspondientes a los agresores de mujeres.<\/p>\n\n\n\n<p>Aunque esta ley, aprobada en el Congreso de Oaxaca, aplica a los tres poderes de la entidad, Jara Cruz asegur\u00f3 que, respecto al Ejecutivo, le es imposible conocer a los m\u00e1s de dos mil servidores p\u00fablicos y sus vidas personales, por lo que consider\u00f3 importante valerse de las denuncias que las v\u00edctimas hacen a trav\u00e9s de la prensa para revisar los casos y \u201csacar la basura\u201d.<\/p>\n\n\n\n<p>Fue durante la conferencia matutina que cada lunes realiza, en la que a pregunta de la reportera Carina Garc\u00eda sobre la aplicaci\u00f3n de dicha ley ante diversos se\u00f1alamientos contra funcionarios, Jara Cruz indic\u00f3:<\/p>\n\n\n\n<p>\u201cEs para todos y todas, no solo para el Poder Ejecutivo, significa que todo los que son servidores p\u00fablicos, o que tienen un cargo p\u00fablico est\u00e1n obligados a cumplir, lo mismo en nuestro gobierno, si hay se\u00f1alamientos que se haga, si hay nombre y apellidos hay que decirlo y van a tener que cumplirlo, es una obligatoriedad, no una recomendaci\u00f3n. No se va a simular, no se va a tener una pr\u00e1ctica para unos cuantos\u201d.<\/p>\n\n\n\n<p>\u201cPero tambi\u00e9n ustedes (los medios) ay\u00fadennos, es probable que haya invitado a nos apoye en el gobierno y pues yo en lo personal ni los dos mil servidores que han llegado; no conozco a cada uno; conozco pues a los secretarios y a unos directores.<\/p>\n\n\n\n<p>\u201cDigo, los conozco a todos pero no s\u00e9 su situaci\u00f3n personal, familiar, y yo quisiera que ellos fueran tambi\u00e9n congruentes y lo que es la escoba la vamos a tener todo el tiempo, no es solamente es un periodo\u201d, dijo el mandatario.<\/p>\n\n\n\n<p>CASOS DENUNCIADOS<\/p>\n\n\n\n<p>Entre los casos m\u00e1s recientes, denunciados por las v\u00edctimas en movimientos feministas y a la prensa, se destaca el de Michael Adri\u00e1n Aranda Vasquez, adscrito a la Secretar\u00eda de Seguridad y Protecci\u00f3n Ciudadana y actualmente trabaja como parte de la Ayudant\u00eda y escolta del gobernador, como un deudor alimentario.<\/p>\n\n\n\n<p>El agresor de la ni\u00f1ez no otorga lo correspondiente para la manutenci\u00f3n de su hijo a pesar de contar con los recursos para hacerlo, refiere la denuncia.<\/p>\n\n\n\n<p>Por otra parte, respecto a los agresores y violentadores de mujeres, desde diciembre las v\u00edctimas denunciaron que el Gobierno de la \u201ccuarta transformaci\u00f3n\u201d hab\u00eda otorgado la titularidad de la Coordinaci\u00f3n General de Atenci\u00f3n Regional a Donato Vargas Jim\u00e9nez.<\/p>\n\n\n\n<p>El funcionario contaba con antecedente ante la Fiscal\u00eda General del Estado de Oaxaca por violencia digital, por presuntamente crear y alentar un chat de WhatsApp \u201cSierra XXX\u201d, en que se compartieron im\u00e1genes pornogr\u00e1ficas de mujeres de la zona Mixe del estado.<\/p>\n\n\n\n<figure class=\"wp-block-embed is-type-rich is-provider-twitter wp-block-embed-twitter\"><div class=\"wp-block-embed__wrapper\">\n<div class=\"twitter-tweet\"><blockquote class=\"twitter-tweet\" data-lang=\"es\"><p lang=\"es\" dir=\"ltr\">\u00bfQu\u00e9 le parece? Pese a que hay varios casos denunciados p\u00fablicamente, el gobernador de <a href=\"https:\/\/twitter.com\/hashtag\/Oaxaca?src=hash&amp;ref_src=twsrc%5Etfw\">#Oaxaca<\/a>, <a href=\"https:\/\/twitter.com\/salomonj?ref_src=twsrc%5Etfw\">@salomonj<\/a> pide ayuda de medios de comunicaci\u00f3n para denunciar a funcionarios deudores y acosadores, para aplicar \u201cbarredora\u201d. <a href=\"https:\/\/t.co\/QmTskTrDOj\">pic.twitter.com\/QmTskTrDOj<\/a><\/p>&mdash; Zona Roja Oaxaca (@ZonaRoja_Oaxaca) <a href=\"https:\/\/twitter.com\/ZonaRoja_Oaxaca\/status\/1627834374568972288?ref_src=twsrc%5Etfw\">21 de febrero de 2023<\/a><\/blockquote><\/div>\n<\/div><\/figure>\n","protected":false},"excerpt":{"rendered":"<p>Yuridiana Sosa\/Zona Roja Oaxaca de Ju\u00e1rez, Oax., a 20 de febrero de 2023.- Para que&hellip;<\/p>\n","protected":false},"author":2,"featured_media":51918,"comment_status":"closed","ping_status":"open","sticky":false,"template":"","format":"standard","meta":{"_lmt_disableupdate":"","_lmt_disable":"","_jetpack_memberships_contains_paid_content":false,"footnotes":""},"categories":[109,47],"tags":[939],"class_list":["post-51917","post","type-post","status-publish","format-standard","has-post-thumbnail","hentry","category-minuto-a-minuto","category-zona-gris","tag-salomon-jara-cruz"],"jetpack_featured_media_url":"https:\/\/zonaroja.com.mx\/wp-content\/uploads\/2023\/02\/Conferencia-de-prensa-Salomon-Jara.jpeg","jetpack_sharing_enabled":true,"_links":{"self":[{"href":"https:\/\/zonaroja.com.mx\/index.php?rest_route=\/wp\/v2\/posts\/51917","targetHints":{"allow":["GET"]}}],"collection":[{"href":"https:\/\/zonaroja.com.mx\/index.php?rest_route=\/wp\/v2\/posts"}],"about":[{"href":"https:\/\/zonaroja.com.mx\/index.php?rest_route=\/wp\/v2\/types\/post"}],"author":[{"embeddable":true,"href":"https:\/\/zonaroja.com.mx\/index.php?rest_route=\/wp\/v2\/users\/2"}],"replies":[{"embeddable":true,"href":"https:\/\/zonaroja.com.mx\/index.php?rest_route=%2Fwp%2Fv2%2Fcomments&post=51917"}],"version-history":[{"count":1,"href":"https:\/\/zonaroja.com.mx\/index.php?rest_route=\/wp\/v2\/posts\/51917\/revisions"}],"predecessor-version":[{"id":51919,"href":"https:\/\/zonaroja.com.mx\/index.php?rest_route=\/wp\/v2\/posts\/51917\/revisions\/51919"}],"wp:featuredmedia":[{"embeddable":true,"href":"https:\/\/zonaroja.com.mx\/index.php?rest_route=\/wp\/v2\/media\/51918"}],"wp:attachment":[{"href":"https:\/\/zonaroja.com.mx\/index.php?rest_route=%2Fwp%2Fv2%2Fmedia&parent=51917"}],"wp:term":[{"taxonomy":"category","embeddable":true,"href":"https:\/\/zonaroja.com.mx\/index.php?rest_route=%2Fwp%2Fv2%2Fcategories&post=51917"},{"taxonomy":"post_tag","embeddable":true,"href":"https:\/\/zonaroja.com.mx\/index.php?rest_route=%2Fwp%2Fv2%2Ftags&post=51917"}],"curies":[{"name":"wp","href":"https:\/\/api.w.org\/{rel}","templated":true}]}}