{"id":51920,"date":"2023-02-21T11:11:00","date_gmt":"2023-02-21T17:11:00","guid":{"rendered":"http:\/\/www.zonaroja.com.mx\/?p=51920"},"modified":"2023-02-21T13:12:16","modified_gmt":"2023-02-21T19:12:16","slug":"pend1-25","status":"publish","type":"post","link":"https:\/\/zonaroja.com.mx\/?p=51920","title":{"rendered":"Horror al extremo en Oaxaca: matan a dos j\u00f3venes mujeres y apu\u00f1alan a ni\u00f1o"},"content":{"rendered":"\n<p>Ismael Garc\u00eda M.\/Zona Roja.&nbsp;<\/p>\n\n\n\n<p>Oaxaca de Ju\u00e1rez, Oax., a 21 de febrero de 2023.- El horror de la violencia criminal lleg\u00f3 al extremo en Oaxaca:<\/p>\n\n\n\n<p>Dos j\u00f3venes mujeres fueron asesinadas presuntamente por su padre, mientras que un menor de edad fue ultimado con un arma blanca. <\/p>\n\n\n\n<p>Esta ma\u00f1ana, tras una llamada al n\u00famero de emergencias, polic\u00edas municipales arribaron a la casa n\u00famero 37 de la avenida Ferrocarril del fraccionamiento Orqu\u00eddeas, agencia de Santa Rosa Panzacola de la capital.<\/p>\n\n\n\n<p>En el interior hallaron tres cuerpos derribados y un individuo que les detall\u00f3 que anoche recibi\u00f3 una llamada de su hermano A. G. D., quien le hab\u00eda confesado que \u201ccometi\u00f3 una estupidez\u201d, por lo que al llegar a la casa verific\u00f3 la escena sangrienta.<\/p>\n\n\n\n<p>El presunto feminicida se hallaba con sangre e inconsciente, mientras que dos cuerpos estaban envueltos en s\u00e1banas, cada uno en recamaras separadas.<\/p>\n\n\n\n<p>Param\u00e9dicos confirmaron que se trata de dos femeninas y que su deceso fue desde un d\u00eda antes. Fueron identificadas como J. G. R., de 19 a\u00f1os de edad, y N. G. R., de 17 a\u00f1os.&nbsp;<\/p>\n\n\n\n<p>El masculino presentaba heridas en ambas piernas y brazos, provocadas con objeto cortante, por lo que fue trasladado a un hospital, donde adem\u00e1s se encuentra en calidad de detenido. <\/p>\n\n\n\n<figure class=\"wp-block-embed\"><div class=\"wp-block-embed__wrapper\">\n<div class=\"twitter-tweet\"><blockquote class=\"twitter-tweet\" data-lang=\"es\"><p lang=\"es\" dir=\"ltr\"><a href=\"https:\/\/twitter.com\/hashtag\/%C3%9AltimoMinuto?src=hash&amp;ref_src=twsrc%5Etfw\">#\u00daltimoMinuto<\/a><br>Imparable tambi\u00e9n la ola feminicida en <a href=\"https:\/\/twitter.com\/hashtag\/Oaxaca?src=hash&amp;ref_src=twsrc%5Etfw\">#Oaxaca<\/a>.<br>Esta ma\u00f1ana matan a dos j\u00f3venes, de 17 y 19 a\u00f1os de edad, en un domicilio del fraccionamiento Orqu\u00eddeas, agencia Santa Rosa Panzacola de la ciudad de Oaxaca.<br>El probable autor, se lesion\u00f3 con un arma blanca. <a href=\"https:\/\/t.co\/vRrdTQNnQF\">pic.twitter.com\/vRrdTQNnQF<\/a><\/p>&mdash; Zona Roja Oaxaca (@ZonaRoja_Oaxaca) <a href=\"https:\/\/twitter.com\/ZonaRoja_Oaxaca\/status\/1628054082819694593?ref_src=twsrc%5Etfw\">21 de febrero de 2023<\/a><\/blockquote><\/div>\n<\/div><\/figure>\n\n\n\n<p>MENOR DESCUARTIZADO<\/p>\n\n\n\n<p>Por otra parte, fuentes de la Fiscal\u00eda General del Estado de Oaxaca confirmaron el asesinato de un menor de edad, en la comunidad de Ojo de Agua, perteneciente al municipio de San Francisco Telixtlahuaca.&nbsp;<\/p>\n\n\n\n<p>El pasado viernes, el ni\u00f1o de 13 a\u00f1os de edad sali\u00f3 de su casa para llevar a pastar a sus animales al campo.<\/p>\n\n\n\n<p>Pero fue alcanzado por un sujeto, presuntamente bajo los influjos de alguna droga, que lo atac\u00f3 con un arma blanca y le cort\u00f3 en varias partes.&nbsp;<\/p>\n\n\n\n<p>El padre del menor se dio cuenta posteriormente y alert\u00f3 a los ciudadanos, por lo cual fue detenido el sujeto y entregado a los polic\u00edas municipales, que lo pusieron a disposici\u00f3n de la Fiscal\u00eda General del Estado de Oaxaca. <\/p>\n","protected":false},"excerpt":{"rendered":"<p>Ismael Garc\u00eda M.\/Zona Roja.&nbsp; Oaxaca de Ju\u00e1rez, Oax., a 21 de febrero de 2023.- El&hellip;<\/p>\n","protected":false},"author":2,"featured_media":51926,"comment_status":"closed","ping_status":"open","sticky":false,"template":"","format":"standard","meta":{"_lmt_disableupdate":"","_lmt_disable":"","_jetpack_memberships_contains_paid_content":false,"footnotes":""},"categories":[109,51],"tags":[],"class_list":["post-51920","post","type-post","status-publish","format-standard","has-post-thumbnail","hentry","category-minuto-a-minuto","category-zona-roja"],"jetpack_featured_media_url":"https:\/\/zonaroja.com.mx\/wp-content\/uploads\/2023\/02\/img_6349.jpg","jetpack_sharing_enabled":true,"_links":{"self":[{"href":"https:\/\/zonaroja.com.mx\/index.php?rest_route=\/wp\/v2\/posts\/51920","targetHints":{"allow":["GET"]}}],"collection":[{"href":"https:\/\/zonaroja.com.mx\/index.php?rest_route=\/wp\/v2\/posts"}],"about":[{"href":"https:\/\/zonaroja.com.mx\/index.php?rest_route=\/wp\/v2\/types\/post"}],"author":[{"embeddable":true,"href":"https:\/\/zonaroja.com.mx\/index.php?rest_route=\/wp\/v2\/users\/2"}],"replies":[{"embeddable":true,"href":"https:\/\/zonaroja.com.mx\/index.php?rest_route=%2Fwp%2Fv2%2Fcomments&post=51920"}],"version-history":[{"count":3,"href":"https:\/\/zonaroja.com.mx\/index.php?rest_route=\/wp\/v2\/posts\/51920\/revisions"}],"predecessor-version":[{"id":51928,"href":"https:\/\/zonaroja.com.mx\/index.php?rest_route=\/wp\/v2\/posts\/51920\/revisions\/51928"}],"wp:featuredmedia":[{"embeddable":true,"href":"https:\/\/zonaroja.com.mx\/index.php?rest_route=\/wp\/v2\/media\/51926"}],"wp:attachment":[{"href":"https:\/\/zonaroja.com.mx\/index.php?rest_route=%2Fwp%2Fv2%2Fmedia&parent=51920"}],"wp:term":[{"taxonomy":"category","embeddable":true,"href":"https:\/\/zonaroja.com.mx\/index.php?rest_route=%2Fwp%2Fv2%2Fcategories&post=51920"},{"taxonomy":"post_tag","embeddable":true,"href":"https:\/\/zonaroja.com.mx\/index.php?rest_route=%2Fwp%2Fv2%2Ftags&post=51920"}],"curies":[{"name":"wp","href":"https:\/\/api.w.org\/{rel}","templated":true}]}}