{"id":51938,"date":"2023-02-21T19:52:28","date_gmt":"2023-02-22T01:52:28","guid":{"rendered":"http:\/\/www.zonaroja.com.mx\/?p=51938"},"modified":"2023-02-21T19:52:33","modified_gmt":"2023-02-22T01:52:33","slug":"condenan-en-eu-a-genaro-garcia-luna-por-narcotrafico","status":"publish","type":"post","link":"https:\/\/zonaroja.com.mx\/?p=51938","title":{"rendered":"Condenan en EU a Genaro Garc\u00eda Luna por narcotr\u00e1fico"},"content":{"rendered":"\n<p>Redacci\u00f3n\/Zona Roja Cdmx.<\/p>\n\n\n\n<p>Ciudad de M\u00e9xico, a 21 de febrero de 2023.- Genaro Garc\u00eda Luna, el secretario de Seguridad de Felipe Calder\u00f3n, fue hallado culpable de los cinco cargos que se le imputan por la Fiscal\u00eda de Nueva York, cuatro de ellos relacionados al narcotr\u00e1fico, as\u00ed lo dio a conocer el juez Brian Cogan al leer el veredicto hoy 21&nbsp;de febrero de 2023.<\/p>\n\n\n\n<p>Despu\u00e9s de tres&nbsp;d\u00edas de deliberaciones en los que solicitaron extractos de los testimonios de algunos testigos como el de Jes\u00fas \u201cEl Rey\u201d Zambada, as\u00ed como el de Sergio Villarreal Barrag\u00e1n, \u201cEl Grande\u201d, el primero en asegurar que Garc\u00eda Luna estaba en la n\u00f3mina del c\u00e1rtel de Sinaloa, entre otros, los 12 miembros del jurado alcanzaron un veredicto y determinaron que Garc\u00eda Luna era culpable.<\/p>\n\n\n\n<p>Fue a las 13:54 horas cuando el juez Brian Cogan ley\u00f3 la hoja con el veredicto del jurado en la sala de la Corte de Brooklyn, en Nueva York, ante la presencia de Garc\u00eda Luna, su esposa Cristina Pereyra y sus dos hijos, as\u00ed como los fiscales y la defensa del exfuncionario.&nbsp;<\/p>\n\n\n\n<p>Garc\u00eda Luna no mostr\u00f3 expresi\u00f3n alguna, s\u00f3lo el rostro enrojecido y semblante serio, mientras que en su familia&nbsp;no hubo l\u00e1grimas ni reclamos.<\/p>\n\n\n\n<p>Tras ser hallado culpable en un juicio que dur\u00f3 un mes y que se retras\u00f3&nbsp;por tres a\u00f1os tras la detenci\u00f3n del exsecretario de Seguridad en diciembre de 2019,&nbsp;ahora Garc\u00eda Luna esperar\u00e1 hasta el 27 de junio para conocer cu\u00e1l ser\u00e1 su sentencia, la cual la determinar\u00e1 el juez Brian Cogan y podr\u00eda ir hasta la cadena perpetua.<\/p>\n\n\n\n<p>DECEPCIONADOS<\/p>\n\n\n\n<p>C\u00e9sar de Castro, el abogado principal de Garc\u00eda Luna, asegur\u00f3 que se sent\u00edan decepcionados con la decisi\u00f3n del jurado aunque la respetaban y reiter\u00f3 que los fiscales no presentaron ninguna prueba en contra del exfuncionario y basaron la evidencia en testimonios de personas, nueve de ellos criminales, que no comprobaron, por lo que adelant\u00f3 que apelar\u00e1n la decisi\u00f3n una vez que el juez dicte la sentencia.&nbsp;<\/p>\n\n\n\n<p>\u00abEl gobierno se tuvo que conformar con un caso construido con testimonios de algunos de los criminales m\u00e1s notorios y despiadados que han testificado en este juzgado. El gobierno no ten\u00eda pruebas fehacientes para corroborar sus testimonios\u00bb, dijo.<\/p>\n\n\n\n<p>En un mensaje a medios afuera de la Corte, De Castro reconoci\u00f3 que&nbsp;\u00abha sido un camino dif\u00edcil\u00bb para Garc\u00eda Luna, pero anticip\u00f3 que seguir\u00e1 el proceso para \u00ablimpiar su nombre\u201d.<\/p>\n\n\n\n<p>Tras ser hallado culpable de los cinco delitos que se le imputaban en Estados Unidos, Genaro Garc\u00eda Luna esperar\u00e1 hasta el pr\u00f3ximo 27 de junio de 2023 para conocer cu\u00e1l ser\u00e1 su sentencia, as\u00ed lo dio a conocer el juez Brian Cogan tras dar a conocer el veredicto del jurado.<\/p>\n\n\n\n<p>La audiencia est\u00e1 programada para las 11:00 horas, detall\u00f3 el juez. La condena que podr\u00eda recibir ser\u00eda m\u00ednimo de 10 a\u00f1os hasta cadena perpetua.<\/p>\n\n\n\n<p>Autoridades de Estados Unidos acusaron a Genaro Garc\u00eda Luna de cinco cargos, cuatro ellos vinculados al narcotr\u00e1fico, y por los cuales este martes 21 de febrero fue hallado culpable en una Corte de Nueva York.&nbsp;<\/p>\n\n\n\n<p>El testimonio de los testigos presentados por los fiscales no dejaron a lugar a dudas en el jurado de que el exfuncionario hab\u00eda conspirado para la introducci\u00f3n de toneladas de coca\u00edna a Estados Unidos de la mano del c\u00e1rtel de Sinaloa.<\/p>\n\n\n\n<p>Estos son los cinco cargos que pesan contra Garc\u00eda Luna:<\/p>\n\n\n\n<p>+ Conspiraci\u00f3n para la distribuci\u00f3n internacional de coca\u00edna.<\/p>\n\n\n\n<p>+ Conspiraci\u00f3n para la distribuci\u00f3n y posesi\u00f3n de coca\u00edna.<\/p>\n\n\n\n<p>+ Conspiraci\u00f3n para la importaci\u00f3n de coca\u00edna.<\/p>\n\n\n\n<p>+ Participaci\u00f3n en una empresa criminal continuada<\/p>\n\n\n\n<p>+ Falsedad de declaraciones ante autoridades de EU.<\/p>\n\n\n\n<p>(Informaci\u00f3n de \u201cExc\u00e9lsior\u201d)<\/p>\n","protected":false},"excerpt":{"rendered":"<p>Redacci\u00f3n\/Zona Roja Cdmx. Ciudad de M\u00e9xico, a 21 de febrero de 2023.- Genaro Garc\u00eda Luna,&hellip;<\/p>\n","protected":false},"author":2,"featured_media":51057,"comment_status":"closed","ping_status":"open","sticky":false,"template":"","format":"standard","meta":{"_lmt_disableupdate":"","_lmt_disable":"","_jetpack_memberships_contains_paid_content":false,"footnotes":""},"categories":[109,47],"tags":[1123],"class_list":["post-51938","post","type-post","status-publish","format-standard","has-post-thumbnail","hentry","category-minuto-a-minuto","category-zona-gris","tag-genaro-garcia-luna"],"jetpack_featured_media_url":"https:\/\/zonaroja.com.mx\/wp-content\/uploads\/2023\/01\/Genaro-Garcia-Luna.jpeg","jetpack_sharing_enabled":true,"_links":{"self":[{"href":"https:\/\/zonaroja.com.mx\/index.php?rest_route=\/wp\/v2\/posts\/51938","targetHints":{"allow":["GET"]}}],"collection":[{"href":"https:\/\/zonaroja.com.mx\/index.php?rest_route=\/wp\/v2\/posts"}],"about":[{"href":"https:\/\/zonaroja.com.mx\/index.php?rest_route=\/wp\/v2\/types\/post"}],"author":[{"embeddable":true,"href":"https:\/\/zonaroja.com.mx\/index.php?rest_route=\/wp\/v2\/users\/2"}],"replies":[{"embeddable":true,"href":"https:\/\/zonaroja.com.mx\/index.php?rest_route=%2Fwp%2Fv2%2Fcomments&post=51938"}],"version-history":[{"count":1,"href":"https:\/\/zonaroja.com.mx\/index.php?rest_route=\/wp\/v2\/posts\/51938\/revisions"}],"predecessor-version":[{"id":51939,"href":"https:\/\/zonaroja.com.mx\/index.php?rest_route=\/wp\/v2\/posts\/51938\/revisions\/51939"}],"wp:featuredmedia":[{"embeddable":true,"href":"https:\/\/zonaroja.com.mx\/index.php?rest_route=\/wp\/v2\/media\/51057"}],"wp:attachment":[{"href":"https:\/\/zonaroja.com.mx\/index.php?rest_route=%2Fwp%2Fv2%2Fmedia&parent=51938"}],"wp:term":[{"taxonomy":"category","embeddable":true,"href":"https:\/\/zonaroja.com.mx\/index.php?rest_route=%2Fwp%2Fv2%2Fcategories&post=51938"},{"taxonomy":"post_tag","embeddable":true,"href":"https:\/\/zonaroja.com.mx\/index.php?rest_route=%2Fwp%2Fv2%2Ftags&post=51938"}],"curies":[{"name":"wp","href":"https:\/\/api.w.org\/{rel}","templated":true}]}}