{"id":51940,"date":"2023-02-21T20:23:17","date_gmt":"2023-02-22T02:23:17","guid":{"rendered":"http:\/\/www.zonaroja.com.mx\/?p=51940"},"modified":"2023-02-21T20:23:19","modified_gmt":"2023-02-22T02:23:19","slug":"a-nuestras-lenguas-las-matan-cuando-no-se-respetan-nuestros-territorios","status":"publish","type":"post","link":"https:\/\/zonaroja.com.mx\/?p=51940","title":{"rendered":"\u201cA nuestras lenguas las matan cuando no se respetan nuestros territorios\u201d"},"content":{"rendered":"\n<p>Redacci\u00f3n\/Zona Roja.<\/p>\n\n\n\n<p>Oaxaca de Ju\u00e1rez, Oax., a 21 de febrero de 2023.- \u201cA nuestras lenguas las matan tambi\u00e9n cuando no se respetan nuestros territorios, cuando las venden y concesionan, cuando asesinan a quienes las defienden \u00bfC\u00f3mo va a florecer la palabra en un territorio del que se nos despoja?\u201d, cuestiona Yasnaya Aguilar, ling\u00fcista y activista Ayuuk de las lenguas ind\u00edgenas.<\/p>\n\n\n\n<p>En 1999, la Organizaci\u00f3n de las Naciones Unidas para la Educaci\u00f3n, la Ciencia y la Cultura (UNESCO) proclam\u00f3 el 21 de febrero como D\u00eda Internacional de la Lengua Materna y es que, en el mundo existen cerca de siete mil idiomas, de los cuales, casi el 50 por ciento est\u00e1 en peligro de desaparecer.&nbsp;<\/p>\n\n\n\n<p>M\u00e9xico ocupa el segundo lugar en Am\u00e9rica Latina, despu\u00e9s de Brasil en tener la mayor cantidad de hablantes de lenguas ind\u00edgenas.&nbsp;<\/p>\n\n\n\n<p>Son 68 lenguas ind\u00edgenas con 364 variantes ling\u00fc\u00edsticas existentes en el pa\u00eds con casi siete millones de hablantes de alguna de estas lenguas.&nbsp;<\/p>\n\n\n\n<p>De acuerdo con la asociaci\u00f3n civil Educa, el estado de Oaxaca ocupa el primer lugar con mayor poblaci\u00f3n de hablantes (31%) de alguna de las 16 lenguas ind\u00edgenas que tiene el estado.<\/p>\n\n\n\n<p>Sin embargo, la discriminaci\u00f3n y desvalorizaci\u00f3n de las lenguas sigue siendo un reto para la sociedad y los diferentes niveles de gobierno pues &nbsp;la mitad de las lenguas ind\u00edgenas del pa\u00eds se encuentran en riesgo de desaparecer definitivamente y algunas m\u00e1s no podr\u00e1n ser recuperadas, expone.<\/p>\n\n\n\n<p>En febrero de 2019, la ling\u00fcista Ayuuk Yasnaya Gil, subi\u00f3 a la tribuna de la C\u00e1mara de Diputados federal para leer un manifiesto donde expuso la grave situaci\u00f3n en la que se encuentran la lenguas ind\u00edgenas en el pa\u00eds:&nbsp;<\/p>\n\n\n\n<p>\u201cNuestras lenguas no mueren, las matan. El Estado mexicano las ha borrado. El pensamiento \u00fanico, la cultura \u00fanica, el Estado \u00fanico, con el agua de su nombre, las borra.\u201d&nbsp;<\/p>\n\n\n\n<p>Por su parte Irma Pineda, poeta y activista zapoteca se\u00f1ala que M\u00e9xico sigue siendo un pa\u00eds racista y discriminador \u201cM\u00e9xico todav\u00eda est\u00e1 lejos de sentir un gran aprecio y valorizar realmente toda la riqueza de las lenguas que tiene\u201d.<\/p>\n\n\n\n<p>La asociaci\u00f3n civil Educa refiere que en este d\u00eda, adem\u00e1s de revalorizar las lenguas ind\u00edgenas del mundo, tambi\u00e9n es necesario exigir m\u00e1s pol\u00edticas p\u00fablicas que ayuden a preservar y proteger la lengua materna, porque cuando una lengua muere un pueblo tambi\u00e9n, muere su historia, su memoria y la forma de hacer sociedad.<\/p>\n","protected":false},"excerpt":{"rendered":"<p>Redacci\u00f3n\/Zona Roja. Oaxaca de Ju\u00e1rez, Oax., a 21 de febrero de 2023.- \u201cA nuestras lenguas&hellip;<\/p>\n","protected":false},"author":2,"featured_media":23640,"comment_status":"closed","ping_status":"open","sticky":false,"template":"","format":"standard","meta":{"_lmt_disableupdate":"","_lmt_disable":"","_jetpack_memberships_contains_paid_content":false,"footnotes":""},"categories":[109,47],"tags":[],"class_list":["post-51940","post","type-post","status-publish","format-standard","has-post-thumbnail","hentry","category-minuto-a-minuto","category-zona-gris"],"jetpack_featured_media_url":"https:\/\/zonaroja.com.mx\/wp-content\/uploads\/2021\/02\/2-1.jpg","jetpack_sharing_enabled":true,"_links":{"self":[{"href":"https:\/\/zonaroja.com.mx\/index.php?rest_route=\/wp\/v2\/posts\/51940","targetHints":{"allow":["GET"]}}],"collection":[{"href":"https:\/\/zonaroja.com.mx\/index.php?rest_route=\/wp\/v2\/posts"}],"about":[{"href":"https:\/\/zonaroja.com.mx\/index.php?rest_route=\/wp\/v2\/types\/post"}],"author":[{"embeddable":true,"href":"https:\/\/zonaroja.com.mx\/index.php?rest_route=\/wp\/v2\/users\/2"}],"replies":[{"embeddable":true,"href":"https:\/\/zonaroja.com.mx\/index.php?rest_route=%2Fwp%2Fv2%2Fcomments&post=51940"}],"version-history":[{"count":1,"href":"https:\/\/zonaroja.com.mx\/index.php?rest_route=\/wp\/v2\/posts\/51940\/revisions"}],"predecessor-version":[{"id":51941,"href":"https:\/\/zonaroja.com.mx\/index.php?rest_route=\/wp\/v2\/posts\/51940\/revisions\/51941"}],"wp:featuredmedia":[{"embeddable":true,"href":"https:\/\/zonaroja.com.mx\/index.php?rest_route=\/wp\/v2\/media\/23640"}],"wp:attachment":[{"href":"https:\/\/zonaroja.com.mx\/index.php?rest_route=%2Fwp%2Fv2%2Fmedia&parent=51940"}],"wp:term":[{"taxonomy":"category","embeddable":true,"href":"https:\/\/zonaroja.com.mx\/index.php?rest_route=%2Fwp%2Fv2%2Fcategories&post=51940"},{"taxonomy":"post_tag","embeddable":true,"href":"https:\/\/zonaroja.com.mx\/index.php?rest_route=%2Fwp%2Fv2%2Ftags&post=51940"}],"curies":[{"name":"wp","href":"https:\/\/api.w.org\/{rel}","templated":true}]}}