{"id":51942,"date":"2023-02-21T21:08:41","date_gmt":"2023-02-22T03:08:41","guid":{"rendered":"http:\/\/www.zonaroja.com.mx\/?p=51942"},"modified":"2023-02-21T21:08:46","modified_gmt":"2023-02-22T03:08:46","slug":"seguridad-publica-de-oaxaca-lleno-de-marinos-y-foraneos-denuncian","status":"publish","type":"post","link":"https:\/\/zonaroja.com.mx\/?p=51942","title":{"rendered":"Seguridad P\u00fablica de Oaxaca, lleno de marinos y for\u00e1neos, denuncian"},"content":{"rendered":"\n<p>Yuridiana Sosa\/Zona Roja<\/p>\n\n\n\n<p>Oaxaca de Ju\u00e1rez, Oax., a 21 de febrero de 2023.- Pese a que reiteradamente el gobernador Salom\u00f3n Jara Cruz ha negado que haya funcionarios ajenos a Oaxaca en su gabinete, sindicalizados revelaron m\u00e1s&nbsp; for\u00e1neos en la Secretar\u00eda de Seguridad P\u00fablica.<\/p>\n\n\n\n<p>Durante la protesta de delegados sindicales ayer en las oficinas de las secretar\u00eda, en la colonia Reforma de la capital, el representantes de los trabajadores, Joel Velasco Mart\u00ednez,&nbsp;exigi\u00f3 la destituci\u00f3n de Francisco Rafael Reyes Vel\u00e1squez, asesor financiero, y del subsecretario de Prevenci\u00f3n y Reinserci\u00f3n Social de Oaxaca, Roberto Claudio Castillo Ram\u00edrez, por ser de Chihuahua.<\/p>\n\n\n\n<p>Se\u00f1alaron que, Reyes Vel\u00e1squez, fue funcionario de la pasada administraci\u00f3n, en la que fungi\u00f3 como director de Auditor\u00eda en la Secretar\u00eda de la Contralor\u00eda de Oaxaca y durante el gobierno de Ulises Ru\u00edz Ortiz, se desempe\u00f1\u00f3 en los Servicios de Salud de Oaxaca, tras lo cual fue inhabilitado en 2014 por nueve a\u00f1os, por robo de materiales de construcci\u00f3n de hospitales.<\/p>\n\n\n\n<p>Sin embargo, en la actual administraci\u00f3n, el titular de la Seguridad P\u00fablica, Iv\u00e1n Garc\u00eda \u00c1lvarez &#8211;originario de Chihuahua&#8211;, lo trat\u00f3 de colocar como Oficial Mayor de esta dependencia, lo que tambi\u00e9n gener\u00f3 la inconformidad de los elementos policiales.<\/p>\n\n\n\n<p>Adem\u00e1s, est\u00e1n en desacuerdo que Garc\u00eda \u00c1lvarez considere perfiles de personas ajenas al estado para manejar el tema de seguridad, como el caso de Castillo Ram\u00edrez.<\/p>\n\n\n\n<p>El delegado sindical apunt\u00f3 que existe una total indiferencia del secretario de seguridad de Oaxaca con las necesidades de los elementos y trabajadores de la dependencia, pues trata de mantener distancia con las bases.<\/p>\n\n\n\n<p>Los delegados del Sindicato de Trabajadores de los Poderes del Estado e Instituciones Descentralizadas de Car\u00e1cter Estatal de Oaxaca (STPEIDCEO) exigieron la destituci\u00f3n de dichos funcionarios en la Secretar\u00eda de Seguridad, por presuntos actos de corrupci\u00f3n en pasadas administraciones, as\u00ed como desconocimiento y falta de empat\u00eda de for\u00e1neo.<\/p>\n\n\n\n<p>Desde hace m\u00e1s de un mes, los trabajadores de la Secretar\u00eda de Seguridad y Protecci\u00f3n Ciudadana de Oaxaca se quejan de la decisi\u00f3n del nuevo gobierno de Salom\u00f3n Jara Cruz, quien se hab\u00eda comprometido a no \u201creciclar\u201d funcionarios, ni otorgar cargos de alto nivel a for\u00e1neos, lo cual no cumpli\u00f3.<\/p>\n","protected":false},"excerpt":{"rendered":"<p>Yuridiana Sosa\/Zona Roja Oaxaca de Ju\u00e1rez, Oax., a 21 de febrero de 2023.- Pese a&hellip;<\/p>\n","protected":false},"author":2,"featured_media":51945,"comment_status":"closed","ping_status":"open","sticky":false,"template":"","format":"standard","meta":{"_lmt_disableupdate":"","_lmt_disable":"","_jetpack_memberships_contains_paid_content":false,"footnotes":""},"categories":[109,47],"tags":[3332],"class_list":["post-51942","post","type-post","status-publish","format-standard","has-post-thumbnail","hentry","category-minuto-a-minuto","category-zona-gris","tag-ivan-garcia-alvarez"],"jetpack_featured_media_url":"https:\/\/zonaroja.com.mx\/wp-content\/uploads\/2023\/02\/Ivan-Garcia-A..jpeg","jetpack_sharing_enabled":true,"_links":{"self":[{"href":"https:\/\/zonaroja.com.mx\/index.php?rest_route=\/wp\/v2\/posts\/51942","targetHints":{"allow":["GET"]}}],"collection":[{"href":"https:\/\/zonaroja.com.mx\/index.php?rest_route=\/wp\/v2\/posts"}],"about":[{"href":"https:\/\/zonaroja.com.mx\/index.php?rest_route=\/wp\/v2\/types\/post"}],"author":[{"embeddable":true,"href":"https:\/\/zonaroja.com.mx\/index.php?rest_route=\/wp\/v2\/users\/2"}],"replies":[{"embeddable":true,"href":"https:\/\/zonaroja.com.mx\/index.php?rest_route=%2Fwp%2Fv2%2Fcomments&post=51942"}],"version-history":[{"count":1,"href":"https:\/\/zonaroja.com.mx\/index.php?rest_route=\/wp\/v2\/posts\/51942\/revisions"}],"predecessor-version":[{"id":51946,"href":"https:\/\/zonaroja.com.mx\/index.php?rest_route=\/wp\/v2\/posts\/51942\/revisions\/51946"}],"wp:featuredmedia":[{"embeddable":true,"href":"https:\/\/zonaroja.com.mx\/index.php?rest_route=\/wp\/v2\/media\/51945"}],"wp:attachment":[{"href":"https:\/\/zonaroja.com.mx\/index.php?rest_route=%2Fwp%2Fv2%2Fmedia&parent=51942"}],"wp:term":[{"taxonomy":"category","embeddable":true,"href":"https:\/\/zonaroja.com.mx\/index.php?rest_route=%2Fwp%2Fv2%2Fcategories&post=51942"},{"taxonomy":"post_tag","embeddable":true,"href":"https:\/\/zonaroja.com.mx\/index.php?rest_route=%2Fwp%2Fv2%2Ftags&post=51942"}],"curies":[{"name":"wp","href":"https:\/\/api.w.org\/{rel}","templated":true}]}}