{"id":51947,"date":"2023-02-21T21:32:02","date_gmt":"2023-02-22T03:32:02","guid":{"rendered":"http:\/\/www.zonaroja.com.mx\/?p=51947"},"modified":"2023-02-21T21:32:04","modified_gmt":"2023-02-22T03:32:04","slug":"opinion-oaxaca-y-el-cambio-climatico","status":"publish","type":"post","link":"https:\/\/zonaroja.com.mx\/?p=51947","title":{"rendered":"Opini\u00f3n. Oaxaca y el cambio clim\u00e1tico"},"content":{"rendered":"\n<p>N\u00e9stor Y. S\u00e1nchez Islas<\/p>\n\n\n\n<p>El calentamiento global es una realidad y su consecuente cambio clim\u00e1tico es un asunto muy grave puesto que conlleva la supervivencia de la especie humana. Si por un lado existen los negacionistas que en aras de un inter\u00e9s&nbsp;comercial&nbsp;difunden informaci\u00f3n falsa que niega lo evidente, en Oaxaca tenemos una gran mayor\u00eda que no tiene ni conciencia del problema y solo se esfuerza por vivir su d\u00eda a d\u00eda.<\/p>\n\n\n\n<p>Miles de especies est\u00e1n en peligro de extinci\u00f3n con un profundo impacto en la biodiversidad y, para quien crea que no nos afecta, solo basta recordar que, si las abejas se extinguieran, la humanidad morir\u00eda de hambre al no haber polinizadores para los cultivos que nos dan de comer. Los glaciares se derriten a gran velocidad, los incendios forestales son m\u00e1s intensos que nunca y hay una lucha permanente y desigual de las selvas, la flora y la fauna en general por sobrevivir.<\/p>\n\n\n\n<p>Si bien existen causas naturales para el calentamiento global como lo son las erupciones volc\u00e1nicas hay suficiente evidencia cient\u00edfica que confirma que es a partir de la era industrial de la humanidad que el ambiente&nbsp;se ha deteriorado r\u00e1pidamente. La capacidad de regeneraci\u00f3n de la naturaleza ha sido superada ampliamente por la capacidad de las personas para destruirlo. Lo m\u00e1s perjudicial en la actualidad es la emisi\u00f3n de gases de efecto invernadero, GEI, que lanzamos por toneladas&nbsp;a&nbsp;la atm\u00f3sfera provocando en ella un efecto invernadero, es decir, como si estuvi\u00e9ramos en una habitaci\u00f3n cerrada con amplias ventanas en donde entra el calor del sol, pero no puede salir,&nbsp;aumentando&nbsp;la temperatura al interior.<\/p>\n\n\n\n<p>Preocupa a los cient\u00edficos que la capacidad de las selvas del mundo para absorber carbono de la atm\u00f3sfera se ha reducido tanto que es probable que est\u00e9n liberando m\u00e1s carbono del que puedan almacenar. En pocas palabras, es&nbsp;casi seguro&nbsp;que ni a\u00fan en medio de nuestros bosques&nbsp;podamos&nbsp;respirando aire puro, y mucho menos beber agua limpia.<\/p>\n\n\n\n<p>El efecto invernadero no es malo en s\u00ed mismo puesto que el calor que provoca es el responsable de la proliferaci\u00f3n de la vida en nuestro planeta, sin embargo, lo preocupante es el aumento excesivo de las temperaturas que estamos provocando al lanzar a la atm\u00f3sfera miles de toneladas de CO2&nbsp;producto de la combusti\u00f3n de los combustibles f\u00f3siles, como lo son las gasolinas, el gas, la le\u00f1a o el carb\u00f3n. Tan alta es la poluci\u00f3n que la tierra ya no tiene capacidad para regenerase a trav\u00e9s de corrientes de aire o&nbsp;de&nbsp;las lluvias como lo hizo durante millones de a\u00f1os. En solo tres siglos hemos contaminado m\u00e1s que&nbsp;en&nbsp;toda la historia de la tierra.<\/p>\n\n\n\n<p>\u00bfD\u00f3nde est\u00e1 lo grave? En que estamos por llegar a un punto de no retorno. El apocalipsis clim\u00e1tico est\u00e1 tocando a nuestras puertas y no se salvar\u00e1 ni el rico ni el pobre, ni el poderoso ni el desconocido: calores y fr\u00edos extremos, sequ\u00edas terribles, aumento en el nivel del mar por el derretimiento de los glaciares, incendios que arrasar\u00edan campos y ciudades.&nbsp;<\/p>\n\n\n\n<p>Estamos sumidos en una vor\u00e1gine informativa dominada por los temas coyunturales que nos ocupan y no&nbsp;entendemos&nbsp;que aqu\u00ed, en nuestra tierra, estamos ayudando a&nbsp;empujarnos al abismo clim\u00e1tico. Nos preocupa la ola de ejecuciones diarias, la alta inflaci\u00f3n y los desbordados precios de los alimentos. Es normal, pero es hora de que metamos en nuestras agendas el problema que casi ya nos alcanz\u00f3. Estamos a punto de entrar en los meses m\u00e1s calientes del a\u00f1o y, en unos d\u00edas dejaremos de quejarnos por los fr\u00edos extremos para&nbsp;quejarnos de los calores infernales, sequ\u00edas e incendios forestales.<\/p>\n\n\n\n<p>A pesar&nbsp;de la casi nula actividad industrial en Oaxaca&nbsp;producimos&nbsp;muy altos niveles de gases de efecto invernadero. De acuerdo con datos hist\u00f3ricos del portal europeo \u201cMeteoblue\u201d, a partir del a\u00f1o 1979 se ha incrementado en promedio medio grado cent\u00edgrado la temperatura. Para entender esta cifra hagamos un ejercicio muy sencillo: \u00bfCu\u00e1nta energ\u00eda de le\u00f1a, gas o di\u00e9sel necesitar\u00edamos quemar para elevar la temperatura del agua&nbsp;solo en medio grado&nbsp;de la presa de Temascal o de Jalapa del Marqu\u00e9s?&nbsp;Cierto, miles de toneladas de combustible y poluci\u00f3n.<\/p>\n\n\n\n<p>Un&nbsp;aumento&nbsp;de&nbsp;solo&nbsp;un grado m\u00e1s ser\u00eda el desastre.<\/p>\n\n\n\n<p>Tenemos importantes generadores de CO2&nbsp;en&nbsp;los palenques de mezcal, las ladrilleras, los miles de autos y los cientos de bloqueos y plantones que provocan que los traslados tomen m\u00e1s tiempo. La quema de llantas y&nbsp;autos&nbsp;en las protestas, los r\u00edos convertidos en cloacas, las calles en basureros y la falta de conciencia de la poblaci\u00f3n son la receta para una tormenta clim\u00e1tica perfecta. \u00bfY los pol\u00edticos? Ellos se dedican a pelar por el poder, no&nbsp;hay estadistas, no esperemos nada de ellos.<\/p>\n\n\n\n<p>LOS PERIODISTAS<\/p>\n\n\n\n<p>Nuevamente recorri\u00f3 las calles de Oaxaca una protesta de periodistas contra la violencia&nbsp;en su contra. Debe entender el gobierno que, a pesar estar mat\u00e1ndonos no han logrado callarnos. Por naturaleza, por convicci\u00f3n y por obligaci\u00f3n, seguiremos cuestionando al poder.<\/p>\n\n\n\n<p>nestoryuri@yahoo.com<\/p>\n","protected":false},"excerpt":{"rendered":"<p>N\u00e9stor Y. S\u00e1nchez Islas El calentamiento global es una realidad y su consecuente cambio clim\u00e1tico&hellip;<\/p>\n","protected":false},"author":2,"featured_media":41861,"comment_status":"closed","ping_status":"open","sticky":false,"template":"","format":"standard","meta":{"_lmt_disableupdate":"","_lmt_disable":"","_jetpack_memberships_contains_paid_content":false,"footnotes":""},"categories":[456,109],"tags":[3050],"class_list":["post-51947","post","type-post","status-publish","format-standard","has-post-thumbnail","hentry","category-columna","category-minuto-a-minuto","tag-nestor-yuri-sanchez"],"jetpack_featured_media_url":"https:\/\/zonaroja.com.mx\/wp-content\/uploads\/2022\/05\/Opinion-Nestor-Yuri-Sanchez-Islas.jpg","jetpack_sharing_enabled":true,"_links":{"self":[{"href":"https:\/\/zonaroja.com.mx\/index.php?rest_route=\/wp\/v2\/posts\/51947","targetHints":{"allow":["GET"]}}],"collection":[{"href":"https:\/\/zonaroja.com.mx\/index.php?rest_route=\/wp\/v2\/posts"}],"about":[{"href":"https:\/\/zonaroja.com.mx\/index.php?rest_route=\/wp\/v2\/types\/post"}],"author":[{"embeddable":true,"href":"https:\/\/zonaroja.com.mx\/index.php?rest_route=\/wp\/v2\/users\/2"}],"replies":[{"embeddable":true,"href":"https:\/\/zonaroja.com.mx\/index.php?rest_route=%2Fwp%2Fv2%2Fcomments&post=51947"}],"version-history":[{"count":1,"href":"https:\/\/zonaroja.com.mx\/index.php?rest_route=\/wp\/v2\/posts\/51947\/revisions"}],"predecessor-version":[{"id":51948,"href":"https:\/\/zonaroja.com.mx\/index.php?rest_route=\/wp\/v2\/posts\/51947\/revisions\/51948"}],"wp:featuredmedia":[{"embeddable":true,"href":"https:\/\/zonaroja.com.mx\/index.php?rest_route=\/wp\/v2\/media\/41861"}],"wp:attachment":[{"href":"https:\/\/zonaroja.com.mx\/index.php?rest_route=%2Fwp%2Fv2%2Fmedia&parent=51947"}],"wp:term":[{"taxonomy":"category","embeddable":true,"href":"https:\/\/zonaroja.com.mx\/index.php?rest_route=%2Fwp%2Fv2%2Fcategories&post=51947"},{"taxonomy":"post_tag","embeddable":true,"href":"https:\/\/zonaroja.com.mx\/index.php?rest_route=%2Fwp%2Fv2%2Ftags&post=51947"}],"curies":[{"name":"wp","href":"https:\/\/api.w.org\/{rel}","templated":true}]}}