{"id":5195,"date":"2019-10-27T17:22:53","date_gmt":"2019-10-27T23:22:53","guid":{"rendered":"http:\/\/www.zonaroja.com.mx\/?p=5195"},"modified":"2019-10-27T17:22:56","modified_gmt":"2019-10-27T23:22:56","slug":"marchan-otra-vez-miles-en-chile-van-20-muertos-por-olas-de-protesta","status":"publish","type":"post","link":"https:\/\/zonaroja.com.mx\/?p=5195","title":{"rendered":"Marchan otra vez miles en Chile; van 20 muertos por olas de protesta"},"content":{"rendered":"\n<p>Redacci\u00f3n\/Zona Roja Cdmx.<\/p>\n\n\n\n<p>Fotos: Especial<\/p>\n\n\n\n<p>Ciudad de\nM\u00e9xico, 27 de octubre de 2019.- Este domingo miles de personas marcharon de\nnuevo en Chile, naci\u00f3n andina en conflicto desde hace m\u00e1s de una semana y cuyos\ndisturbios han dejado como saldo al menos 20 personas fallecidas.<\/p>\n\n\n\n<p>Desde la regi\u00f3n\nde Valpara\u00edso, en la costa central de Chile, los manifestantes cruzaron rumbo\nal Congreso para plantear demandas en medio de las masivas protestas que\nestallaron el pasado 18 de octubre.<\/p>\n\n\n\n<p>La protesta\ncomenz\u00f3 en el balneario de Vi\u00f1a del Mar (unos 120 km al oeste de Santiago),\ndonde se congregaron miles de personas para iniciar un recorrido hasta el\nCongreso por la avenida Espa\u00f1a, que bordea el oc\u00e9ano Pac\u00edfico.<\/p>\n\n\n\n<p>Bajo la consigna \u00abla marcha m\u00e1s grande de la quinta (regi\u00f3n)\u00bb, los manifestantes marcharon con banderas chilenas y gritando la consigna \u00ab\u00a1Chile despert\u00f3!\u00bb, mientras medio millar de motocicletas que participaban en la protesta hac\u00edan rugir sus motores con fuerza.<\/p>\n\n\n\n<figure class=\"wp-block-image\"><img decoding=\"async\" width=\"599\" height=\"899\" src=\"http:\/\/www.zonaroja.com.mx\/wp-content\/uploads\/2019\/10\/Protestas-Chile-1.jpg\" alt=\"\" class=\"wp-image-5197\" srcset=\"https:\/\/zonaroja.com.mx\/wp-content\/uploads\/2019\/10\/Protestas-Chile-1.jpg 599w, https:\/\/zonaroja.com.mx\/wp-content\/uploads\/2019\/10\/Protestas-Chile-1-200x300.jpg 200w, https:\/\/zonaroja.com.mx\/wp-content\/uploads\/2019\/10\/Protestas-Chile-1-585x878.jpg 585w\" sizes=\"(max-width: 599px) 100vw, 599px\" \/><\/figure>\n\n\n\n<p>Los primeros\nen llegar a Valpara\u00edso se apostaron cerca del edificio del Congreso, donde la\nPolic\u00eda mont\u00f3 un operativo de seguridad y cort\u00f3 la circulaci\u00f3n de veh\u00edculos\nvarias cuadras a la redonda ante eventuales disturbios.<\/p>\n\n\n\n<p>El viernes,\nel Congreso fue evacuado y posteriormente cerrado por disturbios de\nmanifestantes en el marco del estallido social que desde hace nueve d\u00edas golpea\nChile.<\/p>\n\n\n\n<p>La protesta\nfue convocada a trav\u00e9s de las redes sociales y se produce dos d\u00edas despu\u00e9s de\nla manifestaci\u00f3n que reuni\u00f3 a 1.2 millones de personas en Santiago, la mayor\nconcentraci\u00f3n en al menos 30 a\u00f1os.<\/p>\n\n\n\n<p>Las manifestaciones\nmasivas a nivel nacional, las peores registradas desde el retorno a la\ndemocracia en 1990, han dejado 20 muertos y centenares de heridos, en medio del\ncontrol de la Polic\u00eda y militares que fueron sacados a las calles en el marco\nde un estado de emergencia que orden\u00f3 el gobierno desde el inicio de la crisis\ny que fue levantado este domingo.<\/p>\n","protected":false},"excerpt":{"rendered":"<p>Redacci\u00f3n\/Zona Roja Cdmx. Fotos: Especial Ciudad de M\u00e9xico, 27 de octubre de 2019.- Este domingo&hellip;<\/p>\n","protected":false},"author":2,"featured_media":5196,"comment_status":"closed","ping_status":"open","sticky":false,"template":"","format":"standard","meta":{"_lmt_disableupdate":"","_lmt_disable":"","_jetpack_memberships_contains_paid_content":false,"footnotes":""},"categories":[109,51],"tags":[900],"class_list":["post-5195","post","type-post","status-publish","format-standard","has-post-thumbnail","hentry","category-minuto-a-minuto","category-zona-roja","tag-chile"],"jetpack_featured_media_url":"https:\/\/zonaroja.com.mx\/wp-content\/uploads\/2019\/10\/Protestas-Chile-3.png","jetpack_sharing_enabled":true,"_links":{"self":[{"href":"https:\/\/zonaroja.com.mx\/index.php?rest_route=\/wp\/v2\/posts\/5195","targetHints":{"allow":["GET"]}}],"collection":[{"href":"https:\/\/zonaroja.com.mx\/index.php?rest_route=\/wp\/v2\/posts"}],"about":[{"href":"https:\/\/zonaroja.com.mx\/index.php?rest_route=\/wp\/v2\/types\/post"}],"author":[{"embeddable":true,"href":"https:\/\/zonaroja.com.mx\/index.php?rest_route=\/wp\/v2\/users\/2"}],"replies":[{"embeddable":true,"href":"https:\/\/zonaroja.com.mx\/index.php?rest_route=%2Fwp%2Fv2%2Fcomments&post=5195"}],"version-history":[{"count":1,"href":"https:\/\/zonaroja.com.mx\/index.php?rest_route=\/wp\/v2\/posts\/5195\/revisions"}],"predecessor-version":[{"id":5198,"href":"https:\/\/zonaroja.com.mx\/index.php?rest_route=\/wp\/v2\/posts\/5195\/revisions\/5198"}],"wp:featuredmedia":[{"embeddable":true,"href":"https:\/\/zonaroja.com.mx\/index.php?rest_route=\/wp\/v2\/media\/5196"}],"wp:attachment":[{"href":"https:\/\/zonaroja.com.mx\/index.php?rest_route=%2Fwp%2Fv2%2Fmedia&parent=5195"}],"wp:term":[{"taxonomy":"category","embeddable":true,"href":"https:\/\/zonaroja.com.mx\/index.php?rest_route=%2Fwp%2Fv2%2Fcategories&post=5195"},{"taxonomy":"post_tag","embeddable":true,"href":"https:\/\/zonaroja.com.mx\/index.php?rest_route=%2Fwp%2Fv2%2Ftags&post=5195"}],"curies":[{"name":"wp","href":"https:\/\/api.w.org\/{rel}","templated":true}]}}