{"id":51955,"date":"2023-02-22T06:42:42","date_gmt":"2023-02-22T12:42:42","guid":{"rendered":"http:\/\/www.zonaroja.com.mx\/?p=51955"},"modified":"2023-02-22T06:42:48","modified_gmt":"2023-02-22T12:42:48","slug":"pide-tribunal-al-congreso-sobre-peticion-de-nueva-alianza-para-integrar-jucopo","status":"publish","type":"post","link":"https:\/\/zonaroja.com.mx\/?p=51955","title":{"rendered":"Pide Tribunal al Congreso sobre petici\u00f3n de Nueva Alianza para integrar Jucopo"},"content":{"rendered":"\n<p>Redacci\u00f3n\/Zona Roja.<\/p>\n\n\n\n<p>Oaxaca de Ju\u00e1rez, Oax., a 22 de febrero de 2023.- El Tribunal Electoral del Estado de Oaxaca (TEEO) orden\u00f3 al Congreso del Estado se pronuncie sobre la incorporaci\u00f3n de la diputada del partido Nueva Alianza Oaxaca a la Junta de Coordinaci\u00f3n Pol\u00edtica (Jucopo).<\/p>\n\n\n\n<p>En la resoluci\u00f3n del juicio ciudadano con clave JDC\/05\/2023, por unanimidad, el pleno de este \u00f3rgano decret\u00f3 la inaplicaci\u00f3n, al caso concreto, de la primera parte del segundo p\u00e1rrafo del art\u00edculo 44, de la Ley Org\u00e1nica del Poder Legislativo y con ello, pidi\u00f3 que se garantice el derecho de la diputada (Adriana Altamirano) a formar parte de la referida Junta.<\/p>\n\n\n\n<p>En consecuencia, revoc\u00f3 el oficio de fecha 23 de diciembre de 2022, con el cual se determin\u00f3 la negativa de incorporar a la actora a la Junta de Coordinaci\u00f3n Pol\u00edtica.<\/p>\n\n\n\n<p>El Tribunal se\u00f1al\u00f3 que los partidos pol\u00edticos minoritarios aun cuando no cuenten con una fracci\u00f3n parlamentaria, tienen el derecho de hacerse o\u00edr y de participar con su voto en la toma de decisiones al interior de la Jucopo, pues ello constituye la esencia y raz\u00f3n de ser del r\u00e9gimen representativo.<\/p>\n\n\n\n<p>Agreg\u00f3 que en la conformaci\u00f3n de dicho \u00f3rgano de gobierno al interior del Congreso local, son fundamentales los criterios de proporcionalidad y pluralidad, as\u00ed como, el principio de m\u00e1xima representaci\u00f3n efectiva.<\/p>\n\n\n\n<p>El TEEO declar\u00f3 inexistente la violencia pol\u00edtica en raz\u00f3n de g\u00e9nero denunciada por la legisladora.&nbsp;<\/p>\n","protected":false},"excerpt":{"rendered":"<p>Redacci\u00f3n\/Zona Roja. Oaxaca de Ju\u00e1rez, Oax., a 22 de febrero de 2023.- El Tribunal Electoral&hellip;<\/p>\n","protected":false},"author":2,"featured_media":25775,"comment_status":"closed","ping_status":"open","sticky":false,"template":"","format":"standard","meta":{"_lmt_disableupdate":"","_lmt_disable":"","_jetpack_memberships_contains_paid_content":false,"footnotes":""},"categories":[109,46],"tags":[2235],"class_list":["post-51955","post","type-post","status-publish","format-standard","has-post-thumbnail","hentry","category-minuto-a-minuto","category-zona-blanca","tag-tribunal-electoral-del-estado-de-oaxaca-teeo"],"jetpack_featured_media_url":"https:\/\/zonaroja.com.mx\/wp-content\/uploads\/2021\/04\/Tribunal-Electoral-del-Estado-de-Oaxaca.jpg","jetpack_sharing_enabled":true,"_links":{"self":[{"href":"https:\/\/zonaroja.com.mx\/index.php?rest_route=\/wp\/v2\/posts\/51955","targetHints":{"allow":["GET"]}}],"collection":[{"href":"https:\/\/zonaroja.com.mx\/index.php?rest_route=\/wp\/v2\/posts"}],"about":[{"href":"https:\/\/zonaroja.com.mx\/index.php?rest_route=\/wp\/v2\/types\/post"}],"author":[{"embeddable":true,"href":"https:\/\/zonaroja.com.mx\/index.php?rest_route=\/wp\/v2\/users\/2"}],"replies":[{"embeddable":true,"href":"https:\/\/zonaroja.com.mx\/index.php?rest_route=%2Fwp%2Fv2%2Fcomments&post=51955"}],"version-history":[{"count":1,"href":"https:\/\/zonaroja.com.mx\/index.php?rest_route=\/wp\/v2\/posts\/51955\/revisions"}],"predecessor-version":[{"id":51956,"href":"https:\/\/zonaroja.com.mx\/index.php?rest_route=\/wp\/v2\/posts\/51955\/revisions\/51956"}],"wp:featuredmedia":[{"embeddable":true,"href":"https:\/\/zonaroja.com.mx\/index.php?rest_route=\/wp\/v2\/media\/25775"}],"wp:attachment":[{"href":"https:\/\/zonaroja.com.mx\/index.php?rest_route=%2Fwp%2Fv2%2Fmedia&parent=51955"}],"wp:term":[{"taxonomy":"category","embeddable":true,"href":"https:\/\/zonaroja.com.mx\/index.php?rest_route=%2Fwp%2Fv2%2Fcategories&post=51955"},{"taxonomy":"post_tag","embeddable":true,"href":"https:\/\/zonaroja.com.mx\/index.php?rest_route=%2Fwp%2Fv2%2Ftags&post=51955"}],"curies":[{"name":"wp","href":"https:\/\/api.w.org\/{rel}","templated":true}]}}