{"id":51957,"date":"2023-02-22T08:45:00","date_gmt":"2023-02-22T14:45:00","guid":{"rendered":"http:\/\/www.zonaroja.com.mx\/?p=51957"},"modified":"2023-02-22T06:49:56","modified_gmt":"2023-02-22T12:49:56","slug":"anuncia-autoridad-de-xoxocotlan-rescate-de-centro-de-salud","status":"publish","type":"post","link":"https:\/\/zonaroja.com.mx\/?p=51957","title":{"rendered":"Anuncia autoridad de Xoxocotl\u00e1n rescate de centro de salud"},"content":{"rendered":"\n<p>Redacci\u00f3n\/Zona Roja.<\/p>\n\n\n\n<p>Oaxaca de Ju\u00e1rez, Oax., a 22 de febrero de 2023.- En la suma de esfuerzos por rehabilitar y reabrir el Centro de Salud Urbano de la cabecera municipal de Santa Cruz Xoxocotl\u00e1n, el presidente municipal, \u201cChente\u201d Castellanos Alejos, recorri\u00f3 las instalaciones, acompa\u00f1ado de autoridades sindicales y de los Servicios de Salud de Oaxaca.<\/p>\n\n\n\n<p>\u201cHace unos d\u00edas nos reunimos con la dirigencia Seccional N\u00famero 35, con los trabajadores adscritos al Centro de Salud Urbano de Santa Cruz Xoxocotl\u00e1n y con autoridades de los Servicios de Salud de Oaxaca, para iniciar las mesas de trabajo que nos permitan mejorar las condiciones de este recinto, para favorecer la atenci\u00f3n que se brinda a la ciudadan\u00eda\u201d, destac\u00f3.<\/p>\n\n\n\n<p>Indic\u00f3 que la visita a este Centro de Salud tuvo como prop\u00f3sito conocer las condiciones en las que se encuentran las instalaciones y el equipo con el que cuenta, para que trabajando en unidad, se puedan realizar las gestiones que no s\u00f3lo permitan la reconstrucci\u00f3n del inmueble, sino su reapertura al p\u00fablico.<\/p>\n\n\n\n<p>\u201cEsta ha sido una de las demandas de las familias xoxe\u00f1as y desde el inicio de mi administraci\u00f3n me he comprometido a abonar para el rescate del Centro de Salud que durante a\u00f1os estuvo abandonado y &nbsp;tambi\u00e9n a ser gestor ante las autoridades de Salud para que el lugar se dignifique en favor de la asistencia a la poblaci\u00f3n\u201d, dijo.<\/p>\n\n\n\n<p>Inocente Castellanos reiter\u00f3 su compromiso de seguir trabajando en unidad para el bienestar de las familias, pues dijo que a pesar de este conflicto, no se ha descuidado la salud de la poblaci\u00f3n, puesto que su gobierno reabri\u00f3 nueve Casas de Salud en colonias, agencias y barrios de la demarcaci\u00f3n.<\/p>\n","protected":false},"excerpt":{"rendered":"<p>Redacci\u00f3n\/Zona Roja. Oaxaca de Ju\u00e1rez, Oax., a 22 de febrero de 2023.- En la suma&hellip;<\/p>\n","protected":false},"author":2,"featured_media":51950,"comment_status":"closed","ping_status":"open","sticky":false,"template":"","format":"standard","meta":{"_lmt_disableupdate":"","_lmt_disable":"","_jetpack_memberships_contains_paid_content":false,"footnotes":""},"categories":[109,46],"tags":[133],"class_list":["post-51957","post","type-post","status-publish","format-standard","has-post-thumbnail","hentry","category-minuto-a-minuto","category-zona-blanca","tag-santa-cruz-xoxocotlan"],"jetpack_featured_media_url":"https:\/\/zonaroja.com.mx\/wp-content\/uploads\/2023\/02\/Inocente-Castellanos-Xoxocotlan.jpg","jetpack_sharing_enabled":true,"_links":{"self":[{"href":"https:\/\/zonaroja.com.mx\/index.php?rest_route=\/wp\/v2\/posts\/51957","targetHints":{"allow":["GET"]}}],"collection":[{"href":"https:\/\/zonaroja.com.mx\/index.php?rest_route=\/wp\/v2\/posts"}],"about":[{"href":"https:\/\/zonaroja.com.mx\/index.php?rest_route=\/wp\/v2\/types\/post"}],"author":[{"embeddable":true,"href":"https:\/\/zonaroja.com.mx\/index.php?rest_route=\/wp\/v2\/users\/2"}],"replies":[{"embeddable":true,"href":"https:\/\/zonaroja.com.mx\/index.php?rest_route=%2Fwp%2Fv2%2Fcomments&post=51957"}],"version-history":[{"count":1,"href":"https:\/\/zonaroja.com.mx\/index.php?rest_route=\/wp\/v2\/posts\/51957\/revisions"}],"predecessor-version":[{"id":51958,"href":"https:\/\/zonaroja.com.mx\/index.php?rest_route=\/wp\/v2\/posts\/51957\/revisions\/51958"}],"wp:featuredmedia":[{"embeddable":true,"href":"https:\/\/zonaroja.com.mx\/index.php?rest_route=\/wp\/v2\/media\/51950"}],"wp:attachment":[{"href":"https:\/\/zonaroja.com.mx\/index.php?rest_route=%2Fwp%2Fv2%2Fmedia&parent=51957"}],"wp:term":[{"taxonomy":"category","embeddable":true,"href":"https:\/\/zonaroja.com.mx\/index.php?rest_route=%2Fwp%2Fv2%2Fcategories&post=51957"},{"taxonomy":"post_tag","embeddable":true,"href":"https:\/\/zonaroja.com.mx\/index.php?rest_route=%2Fwp%2Fv2%2Ftags&post=51957"}],"curies":[{"name":"wp","href":"https:\/\/api.w.org\/{rel}","templated":true}]}}