{"id":51961,"date":"2023-02-22T11:57:00","date_gmt":"2023-02-22T17:57:00","guid":{"rendered":"http:\/\/www.zonaroja.com.mx\/?p=51961"},"modified":"2023-02-22T06:59:43","modified_gmt":"2023-02-22T12:59:43","slug":"la-mayoria-de-habitantes-de-la-ciudad-de-mexico-reprueba-gestion-de-claudia-sheinbaum","status":"publish","type":"post","link":"https:\/\/zonaroja.com.mx\/?p=51961","title":{"rendered":"La mayor\u00eda de habitantes de la Ciudad de M\u00e9xico reprueba gesti\u00f3n de Claudia Sheinbaum"},"content":{"rendered":"\n<p>Redacci\u00f3n\/Zona Roja Cdmx.<\/p>\n\n\n\n<p>Ciudad de M\u00e9xico, a 22 de febrero de 2023.- En febrero, el nivel de aprobaci\u00f3n ciudadana a Claudia Sheinbaum, jefa de Gobierno de la Ciudad de M\u00e9xico, registr\u00f3 49 por ciento, dos puntos m\u00e1s que en enero pasado, mientras que el nivel de desaprobaci\u00f3n es de 51 por ciento, de acuerdo con la m\u00e1s reciente encuesta de \u201cEl Financiero\u201d.<\/p>\n\n\n\n<p>Seg\u00fan el seguimiento mensual de encuestas, la aprobaci\u00f3n a la jefa de Gobierno ha fluctuado durante los \u00faltimos siete meses dentro de una franja que va de 47 a 52 por ciento, mientras que la desaprobaci\u00f3n tambi\u00e9n ha estado dentro de esos par\u00e1metros. Una opini\u00f3n dividida a mitades.<\/p>\n\n\n\n<p>Al evaluar aspectos como el manejo de la seguridad p\u00fablica, 31 por ciento de las personas entrevistadas expres\u00f3 una opini\u00f3n positiva, frente a 55 por ciento que manifest\u00f3 una opini\u00f3n negativa en ese rubro. El balance es negativo y de 24 puntos.<\/p>\n\n\n\n<p>En materia de econom\u00eda, 32 por ciento calific\u00f3 bien la labor del gobierno capitalino, mientras que 53 por ciento la calific\u00f3 mal. En este caso el balance tambi\u00e9n es negativo, de 21 puntos.<\/p>\n\n\n\n<p>En el rubro de transporte p\u00fablico, la opini\u00f3n favorable registr\u00f3 38 por ciento y la opini\u00f3n desfavorable 39 por ciento, apenas un punto de balance negativo, comparado con los 11 puntos porcentuales que se registraron el mes anterior, en el contexto del choque en la L\u00ednea 3 y otros incidentes ocurridos en el Sistema de Transporte Colectivo Metro, de la Ciudad de M\u00e9xico.<\/p>\n\n\n\n<p>Y SOBRE EL METRO<\/p>\n\n\n\n<p>Al preguntar c\u00f3mo califican la manera en que el gobierno de Claudia Sheinbaum est\u00e1 tratando el asunto del funcionamiento del Metro, 31 por ciento se\u00f1al\u00f3 que bien o muy bien, frente a 54 por ciento que respondi\u00f3 mal o muy mal.<\/p>\n\n\n\n<p>La encuesta tambi\u00e9n abord\u00f3 el tema de la presencia de la Guardia Nacional en las instalaciones del Metro: 46 por ciento lo califica bien o muy bien, frente a 34 por ciento que opina que la presencia de elementos de la Guardia en el Metro est\u00e1 mal o muy mal.<\/p>\n\n\n\n<p>El estudio se realiz\u00f3 los d\u00edas 3 y 4 de febrero a 500 personas adultas v\u00eda telef\u00f3nica a n\u00fameros residenciales y celulares. El margen de error estimado de la encuesta es de +\/- 4.4 por ciento, con un nivel de confianza de 95 por ciento.<\/p>\n\n\n\n<p>Metodolog\u00eda: Encuesta en la Ciudad de M\u00e9xico realizada v\u00eda telef\u00f3nica a 500 adultos el 3-4 de febrero de 2023. Se hizo un muestreo probabil\u00edstico de tel\u00e9fonos residenciales y celulares en las 16 alcald\u00edas. Con un nivel de confianza de 95%, el margen de error de las estimaciones es de +\/-4.4 por ciento.<\/p>\n\n\n\n<p>(Patrocinio y realizaci\u00f3n: \u201cEl Financiero\u201d)<\/p>\n","protected":false},"excerpt":{"rendered":"<p>Redacci\u00f3n\/Zona Roja Cdmx. Ciudad de M\u00e9xico, a 22 de febrero de 2023.- En febrero, el&hellip;<\/p>\n","protected":false},"author":2,"featured_media":50598,"comment_status":"closed","ping_status":"open","sticky":false,"template":"","format":"standard","meta":{"_lmt_disableupdate":"","_lmt_disable":"","_jetpack_memberships_contains_paid_content":false,"footnotes":""},"categories":[109,47],"tags":[3370],"class_list":["post-51961","post","type-post","status-publish","format-standard","has-post-thumbnail","hentry","category-minuto-a-minuto","category-zona-gris","tag-claudia-sheinbaum"],"jetpack_featured_media_url":"https:\/\/zonaroja.com.mx\/wp-content\/uploads\/2023\/01\/Claudia-Sheibaum.webp","jetpack_sharing_enabled":true,"_links":{"self":[{"href":"https:\/\/zonaroja.com.mx\/index.php?rest_route=\/wp\/v2\/posts\/51961","targetHints":{"allow":["GET"]}}],"collection":[{"href":"https:\/\/zonaroja.com.mx\/index.php?rest_route=\/wp\/v2\/posts"}],"about":[{"href":"https:\/\/zonaroja.com.mx\/index.php?rest_route=\/wp\/v2\/types\/post"}],"author":[{"embeddable":true,"href":"https:\/\/zonaroja.com.mx\/index.php?rest_route=\/wp\/v2\/users\/2"}],"replies":[{"embeddable":true,"href":"https:\/\/zonaroja.com.mx\/index.php?rest_route=%2Fwp%2Fv2%2Fcomments&post=51961"}],"version-history":[{"count":1,"href":"https:\/\/zonaroja.com.mx\/index.php?rest_route=\/wp\/v2\/posts\/51961\/revisions"}],"predecessor-version":[{"id":51962,"href":"https:\/\/zonaroja.com.mx\/index.php?rest_route=\/wp\/v2\/posts\/51961\/revisions\/51962"}],"wp:featuredmedia":[{"embeddable":true,"href":"https:\/\/zonaroja.com.mx\/index.php?rest_route=\/wp\/v2\/media\/50598"}],"wp:attachment":[{"href":"https:\/\/zonaroja.com.mx\/index.php?rest_route=%2Fwp%2Fv2%2Fmedia&parent=51961"}],"wp:term":[{"taxonomy":"category","embeddable":true,"href":"https:\/\/zonaroja.com.mx\/index.php?rest_route=%2Fwp%2Fv2%2Fcategories&post=51961"},{"taxonomy":"post_tag","embeddable":true,"href":"https:\/\/zonaroja.com.mx\/index.php?rest_route=%2Fwp%2Fv2%2Ftags&post=51961"}],"curies":[{"name":"wp","href":"https:\/\/api.w.org\/{rel}","templated":true}]}}