{"id":51963,"date":"2023-02-22T10:06:00","date_gmt":"2023-02-22T16:06:00","guid":{"rendered":"http:\/\/www.zonaroja.com.mx\/?p=51963"},"modified":"2023-02-22T07:11:40","modified_gmt":"2023-02-22T13:11:40","slug":"a-un-ano-de-la-guerra-ucrania-rusia-se-tensa-relacion-con-estados-unidos","status":"publish","type":"post","link":"https:\/\/zonaroja.com.mx\/?p=51963","title":{"rendered":"A un a\u00f1o de la guerra Ucrania-Rusia, se tensa relaci\u00f3n con Estados Unidos"},"content":{"rendered":"\n<p>Redacci\u00f3n\/Zona Roja Cdmx.<\/p>\n\n\n\n<p>Ciudad de M\u00e9xico, a 22 de febrero de 2023.- El jefe del Kremlin, Vladimir, Putin, &nbsp;culp\u00f3 a Occidente de su propia ofensiva, que declar\u00f3 hace casi un a\u00f1o; adem\u00e1s, retir\u00f3 a su pa\u00eds del acuerdo Nuevo START, el \u00faltimo pacto de desarme nuclear con la Casa Blanca.<\/p>\n\n\n\n<p>Un d\u00eda despu\u00e9s de la visita del presidente Joe Biden a Ucrania, el mandatario ruso, Vladimir Putin, responsabiliz\u00f3 a Occidente de la ofensiva que declar\u00f3 \u00e9l hace un a\u00f1o.<\/p>\n\n\n\n<p>\u201cEllos empezaron la guerra y nosotros usamos la fuerza para detenerla. Rusia es invencible en el campo de batalla, por eso llevan a cabo la guerra informativa\u201d, afirm\u00f3 en un mensaje a la naci\u00f3n en el marco del primer aniversario de la ofensiva contra Ucrania, que inici\u00f3 el 24 de febrero de 2022.<\/p>\n\n\n\n<p>\u201cOccidente pretende transformar un conflicto local en una confrontaci\u00f3n global. Reaccionaremos en consecuencia, porque en este caso estamos hablando de la existencia de nuestro pa\u00eds\u201d, asegur\u00f3 el mandatario.<\/p>\n\n\n\n<p>Antes de su mensaje a la naci\u00f3n, Putin anunci\u00f3 la suspensi\u00f3n de la participaci\u00f3n de Rusia en el Nuevo Tratado de Reducci\u00f3n de Armas Estrat\u00e9gicas (START, por sus siglas en ingl\u00e9s).<\/p>\n\n\n\n<p>Este pacto era el \u00faltimo acuerdo bilateral de desarme nuclear entre la Casa Blanca y el Kremlin, un pacto que estaba vigente hasta el 5 de febrero de 2016.<\/p>\n\n\n\n<p>\u201cMe veo obligado a anunciar hoy que Rusia suspende su participaci\u00f3n en el acuerdo Nuevo START\u201d, declar\u00f3 el mandatario ante la \u00e9lite pol\u00edtica y militar de su pa\u00eds.<\/p>\n\n\n\n<p>Sin citar pruebas, el l\u00edder ruso dijo que algunas personas en Estados Unidos estaban pensando en reanudar las pruebas nucleares.<\/p>\n\n\n\n<p>Por lo cual, el Ministerio de Defensa y la corporaci\u00f3n nuclear rusa deben estar preparados para probar las armas nucleares rusas si fuera necesario, determin\u00f3 Putin.<\/p>\n\n\n\n<p>\u201cPor supuesto, no lo haremos antes. Pero si Estados Unidos realiza pruebas, entonces nosotros lo haremos. Nadie debe hacerse ilusiones peligrosas de que se puede destruir la paridad estrat\u00e9gica mundial\u201d, se\u00f1al\u00f3.<\/p>\n\n\n\n<p>Las tropas rusas han sufrido importantes reveses en el campo de batalla desde que comenz\u00f3 la guerra, pero controlan alrededor de una quinta parte de Ucrania.<\/p>\n\n\n\n<p>El presidente ucraniano, Volodimir Zelenski, asegur\u00f3 que Rusia \u201cmata sin piedad\u201d a civiles en la ciudad de Jers\u00f3n.<\/p>\n\n\n\n<p>\u201cUna vez m\u00e1s, mata sin piedad a la poblaci\u00f3n civil\u201d, lament\u00f3 en un mensaje de Telegram.<\/p>\n\n\n\n<p>(Informaci\u00f3n de agencias internacionales en \u201cExc\u00e9lsior\u201d)<\/p>\n","protected":false},"excerpt":{"rendered":"<p>Redacci\u00f3n\/Zona Roja Cdmx. Ciudad de M\u00e9xico, a 22 de febrero de 2023.- El jefe del&hellip;<\/p>\n","protected":false},"author":2,"featured_media":51964,"comment_status":"closed","ping_status":"open","sticky":false,"template":"","format":"standard","meta":{"_lmt_disableupdate":"","_lmt_disable":"","_jetpack_memberships_contains_paid_content":false,"footnotes":""},"categories":[109,47],"tags":[3040],"class_list":["post-51963","post","type-post","status-publish","format-standard","has-post-thumbnail","hentry","category-minuto-a-minuto","category-zona-gris","tag-conflicto-ucrania-rusia-2"],"jetpack_featured_media_url":"https:\/\/zonaroja.com.mx\/wp-content\/uploads\/2023\/02\/Vladimir-Putin-y-Joe-Biden.jpeg","jetpack_sharing_enabled":true,"_links":{"self":[{"href":"https:\/\/zonaroja.com.mx\/index.php?rest_route=\/wp\/v2\/posts\/51963","targetHints":{"allow":["GET"]}}],"collection":[{"href":"https:\/\/zonaroja.com.mx\/index.php?rest_route=\/wp\/v2\/posts"}],"about":[{"href":"https:\/\/zonaroja.com.mx\/index.php?rest_route=\/wp\/v2\/types\/post"}],"author":[{"embeddable":true,"href":"https:\/\/zonaroja.com.mx\/index.php?rest_route=\/wp\/v2\/users\/2"}],"replies":[{"embeddable":true,"href":"https:\/\/zonaroja.com.mx\/index.php?rest_route=%2Fwp%2Fv2%2Fcomments&post=51963"}],"version-history":[{"count":1,"href":"https:\/\/zonaroja.com.mx\/index.php?rest_route=\/wp\/v2\/posts\/51963\/revisions"}],"predecessor-version":[{"id":51965,"href":"https:\/\/zonaroja.com.mx\/index.php?rest_route=\/wp\/v2\/posts\/51963\/revisions\/51965"}],"wp:featuredmedia":[{"embeddable":true,"href":"https:\/\/zonaroja.com.mx\/index.php?rest_route=\/wp\/v2\/media\/51964"}],"wp:attachment":[{"href":"https:\/\/zonaroja.com.mx\/index.php?rest_route=%2Fwp%2Fv2%2Fmedia&parent=51963"}],"wp:term":[{"taxonomy":"category","embeddable":true,"href":"https:\/\/zonaroja.com.mx\/index.php?rest_route=%2Fwp%2Fv2%2Fcategories&post=51963"},{"taxonomy":"post_tag","embeddable":true,"href":"https:\/\/zonaroja.com.mx\/index.php?rest_route=%2Fwp%2Fv2%2Ftags&post=51963"}],"curies":[{"name":"wp","href":"https:\/\/api.w.org\/{rel}","templated":true}]}}