{"id":51971,"date":"2023-02-22T08:25:18","date_gmt":"2023-02-22T14:25:18","guid":{"rendered":"http:\/\/www.zonaroja.com.mx\/?p=51971"},"modified":"2023-02-22T08:25:21","modified_gmt":"2023-02-22T14:25:21","slug":"el-horror-de-los-infanticidios-en-oaxaca-y-nadie-hace-nada","status":"publish","type":"post","link":"https:\/\/zonaroja.com.mx\/?p=51971","title":{"rendered":"El horror de los infanticidios en Oaxaca\u2026 y nadie hace nada"},"content":{"rendered":"\n<p>Redacci\u00f3n\/Zona Roja.<\/p>\n\n\n\n<p>Oaxaca de Ju\u00e1rez, Oax., a 22 de febrero de 2023.- Sin pol\u00edticas gubernamentales de prevenci\u00f3n, la violencia homicida alcanz\u00f3 a los menores de edad en Oaxaca.<\/p>\n\n\n\n<p>En menos de una semana, cuatro infantes fueron asesinados, unos a golpes, otros asfixiados y uno m\u00e1s con arma blanca.<\/p>\n\n\n\n<p>El horror de la violencia emergi\u00f3 el pasado viernes \u2014aunque el caso se conoci\u00f3 apenas ayer\u2014 en que fue asesinado un adolescente de 13 a\u00f1os de edad, en San Francisco Telixtlahuaca, municipio del distrito de Etla.<\/p>\n\n\n\n<p>Fue atacado mientras pastaba a sus chivos en un paraje de la Agencia Ojo de Agua, por un sujeto al parecer afectado de sus facultades mentales, quien fue detenido por los campesinos y puesto a disposici\u00f3n de las autoridades.<\/p>\n\n\n\n<p>El s\u00e1bado siguiente, 18 de febrero, fueron descubiertos dos cuerpos sin vida, de una ni\u00f1a y un ni\u00f1o, a un costado de la carretera Juchit\u00e1n-El Espinal, regi\u00f3n del Istmo.<\/p>\n\n\n\n<p>Seg\u00fan informes oficiales, Perla, de nueve a\u00f1os, y Daniel, de seis a\u00f1os, murieron asfixiados horas antes; eran originarios de Juchit\u00e1n y su padre est\u00e1 detenido, para indagar los hechos; adem\u00e1s, eran explotados en la venta de dulces y dem\u00e1s art\u00edculos en las calles de ese municipio.<\/p>\n\n\n\n<p>La noche del lunes 20 de febrero fueron asesinadas dos j\u00f3venes, una de ellas de 17 a\u00f1os de edad, en un domicilio de la agencia de Santa Rosa Panzacola, ciudad de Oaxaca.<\/p>\n\n\n\n<p>Los cuerpos con diversas lesiones y envueltas en s\u00e1banas fueron descubierto ayer por la ma\u00f1ana y el padre de ellas ser\u00eda el responsable, quien est\u00e1 detenido tras intentar suicidarse.<\/p>\n\n\n\n<p>La Fiscal\u00eda General del Estado de Oaxaca ha dicho que investiga los casos bajo los protocolos correspondientes y ha confirmado la detenci\u00f3n de personas en los cuatro casos.<\/p>\n\n\n\n<p>Sin embargo, a casi tres meses del gobierno que encabeza Salom\u00f3n Jara Cruz, surgido del Partido Morena, no hay acciones preventivas en materia de seguridad y de paz social, lo cual ha agravado la ola criminal de manera generalizada.<\/p>\n","protected":false},"excerpt":{"rendered":"<p>Redacci\u00f3n\/Zona Roja. Oaxaca de Ju\u00e1rez, Oax., a 22 de febrero de 2023.- Sin pol\u00edticas gubernamentales&hellip;<\/p>\n","protected":false},"author":2,"featured_media":51972,"comment_status":"closed","ping_status":"open","sticky":false,"template":"","format":"standard","meta":{"_lmt_disableupdate":"","_lmt_disable":"","_jetpack_memberships_contains_paid_content":false,"footnotes":""},"categories":[109,51],"tags":[964],"class_list":["post-51971","post","type-post","status-publish","format-standard","has-post-thumbnail","hentry","category-minuto-a-minuto","category-zona-roja","tag-violencia-oaxaca"],"jetpack_featured_media_url":"https:\/\/zonaroja.com.mx\/wp-content\/uploads\/2023\/02\/Menores-asesinados-El-Espinal-Juchuitan.jpg","jetpack_sharing_enabled":true,"_links":{"self":[{"href":"https:\/\/zonaroja.com.mx\/index.php?rest_route=\/wp\/v2\/posts\/51971","targetHints":{"allow":["GET"]}}],"collection":[{"href":"https:\/\/zonaroja.com.mx\/index.php?rest_route=\/wp\/v2\/posts"}],"about":[{"href":"https:\/\/zonaroja.com.mx\/index.php?rest_route=\/wp\/v2\/types\/post"}],"author":[{"embeddable":true,"href":"https:\/\/zonaroja.com.mx\/index.php?rest_route=\/wp\/v2\/users\/2"}],"replies":[{"embeddable":true,"href":"https:\/\/zonaroja.com.mx\/index.php?rest_route=%2Fwp%2Fv2%2Fcomments&post=51971"}],"version-history":[{"count":1,"href":"https:\/\/zonaroja.com.mx\/index.php?rest_route=\/wp\/v2\/posts\/51971\/revisions"}],"predecessor-version":[{"id":51973,"href":"https:\/\/zonaroja.com.mx\/index.php?rest_route=\/wp\/v2\/posts\/51971\/revisions\/51973"}],"wp:featuredmedia":[{"embeddable":true,"href":"https:\/\/zonaroja.com.mx\/index.php?rest_route=\/wp\/v2\/media\/51972"}],"wp:attachment":[{"href":"https:\/\/zonaroja.com.mx\/index.php?rest_route=%2Fwp%2Fv2%2Fmedia&parent=51971"}],"wp:term":[{"taxonomy":"category","embeddable":true,"href":"https:\/\/zonaroja.com.mx\/index.php?rest_route=%2Fwp%2Fv2%2Fcategories&post=51971"},{"taxonomy":"post_tag","embeddable":true,"href":"https:\/\/zonaroja.com.mx\/index.php?rest_route=%2Fwp%2Fv2%2Ftags&post=51971"}],"curies":[{"name":"wp","href":"https:\/\/api.w.org\/{rel}","templated":true}]}}