{"id":51974,"date":"2023-02-22T13:25:00","date_gmt":"2023-02-22T19:25:00","guid":{"rendered":"http:\/\/www.zonaroja.com.mx\/?p=51974"},"modified":"2023-02-22T14:35:07","modified_gmt":"2023-02-22T20:35:07","slug":"p1-8","status":"publish","type":"post","link":"https:\/\/zonaroja.com.mx\/?p=51974","title":{"rendered":"Matan a balazos a otra mujer en el Istmo; van 46 asesinadas en sexenio de Jara Cruz"},"content":{"rendered":"\n<p>Yuridiana Sosa\/Zona Roja<\/p>\n\n\n\n<p>Oaxaca de Ju\u00e1rez, Oax., a 22 de febrero de 2023.- Los feminicidios en Oaxaca son m\u00e1s que cifras. Yazm\u00edn, Ver\u00f3nica, Bertha y Perla, como otras mujeres, ten\u00edan toda una vida por delante, pero se las arrebat\u00f3 su pareja, un desconocido y hasta sus propios padres.&nbsp;<\/p>\n\n\n\n<p>La crisis de la ola de feminicidios se agrava, muestra de esto es el hallazgo del cuerpo de una mujer sin vida en el basurero de Chahuites, regi\u00f3n del Istmo, durante la ma\u00f1ana de&nbsp;este mi\u00e9rcoles.<\/p>\n\n\n\n<p>La mujer fue identificada como Wendy Guadalupe P. C., de 28 a\u00f1os de edad, originaria de Cintalapa, Chiapas.<\/p>\n\n\n\n<p>Con este hecho, son al menos unas nueve mujeres que han sido asesinadas en Oaxaca en lo que va del mes de febrero.<\/p>\n\n\n\n<p>De acuerdo con el recuento sobre la violencia feminicida que realiza la asociaci\u00f3n Consorcio Oaxaca,&nbsp;<\/p>\n\n\n\n<p>Se han cometido 45 probables feminicidios en lo que va de la administraci\u00f3n de Salom\u00f3n Jara Cruz, del 1 de diciembre al 21 de febrero; adem\u00e1s del&nbsp; reciente hecho en Chahuites que eleva la cifra a 46.<\/p>\n\n\n\n<p>Durante el primer mes del sexenio, diciembre, la organizaci\u00f3n registr\u00f3 13; enero, 24 y ocho hasta el corte del 21 de febrero.&nbsp;<\/p>\n\n\n\n<p>En contraste, cifras del Secretariado Ejecutivo del Sistema Nacional de Seguridad P\u00fablica (SESNSP), con datos de la Fiscal\u00eda de Oaxaca, report\u00f3 cero feminicidios en diciembre y 10 en enero.<\/p>\n\n\n\n<p>La decena de feminicidios en Oaxaca fue la m\u00e1s alta a nivel nacional, representando el 15 por ciento de los 68 en todo el pa\u00eds; le sigui\u00f3 Veracruz y Estados de M\u00e9xico con siete casos; Jalisco y Ciudad de M\u00e9xico con cinco.&nbsp;<\/p>\n\n\n\n<p>HECHOS RECIENTES<\/p>\n\n\n\n<p>Las hermanas J. G. R. de 19 a\u00f1os y N.G.R de 17 a\u00f1os encontraron la muerte en manos de su padre, M. A. G.&nbsp;D.de&nbsp;60 a\u00f1os, quien las golpe\u00f3 con un bate hasta matarlas, despu\u00e9s, las envolvi\u00f3 en s\u00e1banas, permaneciendo el agresor, herido con arma blanca, junto a los cuerpos dentro de su vivienda.<\/p>\n\n\n\n<p>El terrible hecho ocurri\u00f3 en la agencia de Santa Rosa Panzacola de la capital del estado la noche del 20 de febrero y al que el propio padre describi\u00f3 como \u201chaber cometido una estupidez\u201d.<\/p>\n\n\n\n<p>Yazm\u00edn Violeta L. de 36 a\u00f1os fue asesinada por su pareja el pasado 20 de febrero en Zaachila, de los Valles Centrales. El hombre la asfixi\u00f3 y apu\u00f1al\u00f3 dentro de su domicilio.&nbsp;<\/p>\n\n\n\n<p>El horror se acentu\u00f3 ante el feminicidio de una menor de nueve a\u00f1os de edad ocurrido en Juchit\u00e1n de Zaragoza en el Istmo; a la peque\u00f1a Perla de 9 a\u00f1os tambi\u00e9n le arrebataron la vida por asfixia, pero su cuerpo fue localizado entre la maleza a orilla de un camino que comunica a Juchit\u00e1n con El Espinal; junto a ella, el de su hermano de siete a\u00f1os.&nbsp;<\/p>\n\n\n\n<p>Sin dejar la crueldad, Bertha R. R. de 34 a\u00f1os, fue asesinada a golpes y su cuerpo fue hallado en un paraje en la Exhacienda Candiani, en el municipio conurbado a la capital de Santa Cruz Xoxocotl\u00e1n.&nbsp;<\/p>\n\n\n\n<p>M. M. J. de 80 a\u00f1os y G. J. M. 55 son dos ind\u00edgenas triquis que fueron asesinadas en una emboscada en Tierra Blanca Copala, Juxtlahuaca, mientras que a Ver\u00f3nica, de 25 a\u00f1os, un comando armado le arrebat\u00f3 la vida en el interior de su vivienda en San Miguel Soyaltepec, en la regi\u00f3n de la Cuenca.<\/p>\n\n\n\n<p>Los hechos dan muestra que la violencia ha permeado en los diferentes municipios de la entidad, en los que sin importar que exista una alerta por violencia de g\u00e9nero los actos se detengan o se garantice la justicia para las v\u00edctimas y sus familias. <\/p>\n","protected":false},"excerpt":{"rendered":"<p>Yuridiana Sosa\/Zona Roja Oaxaca de Ju\u00e1rez, Oax., a 22 de febrero de 2023.- Los feminicidios&hellip;<\/p>\n","protected":false},"author":2,"featured_media":42810,"comment_status":"closed","ping_status":"open","sticky":false,"template":"","format":"standard","meta":{"_lmt_disableupdate":"","_lmt_disable":"","_jetpack_memberships_contains_paid_content":false,"footnotes":""},"categories":[109,51],"tags":[],"class_list":["post-51974","post","type-post","status-publish","format-standard","has-post-thumbnail","hentry","category-minuto-a-minuto","category-zona-roja"],"jetpack_featured_media_url":"https:\/\/zonaroja.com.mx\/wp-content\/uploads\/2022\/06\/Violencia-asesinato-mujeres-Oaxaca-feminicidio.jpeg","jetpack_sharing_enabled":true,"_links":{"self":[{"href":"https:\/\/zonaroja.com.mx\/index.php?rest_route=\/wp\/v2\/posts\/51974","targetHints":{"allow":["GET"]}}],"collection":[{"href":"https:\/\/zonaroja.com.mx\/index.php?rest_route=\/wp\/v2\/posts"}],"about":[{"href":"https:\/\/zonaroja.com.mx\/index.php?rest_route=\/wp\/v2\/types\/post"}],"author":[{"embeddable":true,"href":"https:\/\/zonaroja.com.mx\/index.php?rest_route=\/wp\/v2\/users\/2"}],"replies":[{"embeddable":true,"href":"https:\/\/zonaroja.com.mx\/index.php?rest_route=%2Fwp%2Fv2%2Fcomments&post=51974"}],"version-history":[{"count":2,"href":"https:\/\/zonaroja.com.mx\/index.php?rest_route=\/wp\/v2\/posts\/51974\/revisions"}],"predecessor-version":[{"id":51978,"href":"https:\/\/zonaroja.com.mx\/index.php?rest_route=\/wp\/v2\/posts\/51974\/revisions\/51978"}],"wp:featuredmedia":[{"embeddable":true,"href":"https:\/\/zonaroja.com.mx\/index.php?rest_route=\/wp\/v2\/media\/42810"}],"wp:attachment":[{"href":"https:\/\/zonaroja.com.mx\/index.php?rest_route=%2Fwp%2Fv2%2Fmedia&parent=51974"}],"wp:term":[{"taxonomy":"category","embeddable":true,"href":"https:\/\/zonaroja.com.mx\/index.php?rest_route=%2Fwp%2Fv2%2Fcategories&post=51974"},{"taxonomy":"post_tag","embeddable":true,"href":"https:\/\/zonaroja.com.mx\/index.php?rest_route=%2Fwp%2Fv2%2Ftags&post=51974"}],"curies":[{"name":"wp","href":"https:\/\/api.w.org\/{rel}","templated":true}]}}