{"id":51976,"date":"2023-02-22T14:26:00","date_gmt":"2023-02-22T20:26:00","guid":{"rendered":"http:\/\/www.zonaroja.com.mx\/?p=51976"},"modified":"2023-02-22T19:02:15","modified_gmt":"2023-02-23T01:02:15","slug":"p2-6","status":"publish","type":"post","link":"https:\/\/zonaroja.com.mx\/?p=51976","title":{"rendered":"Ante creciente violencia, exhorta DDHPO a implementar estrategias integrales de prevenci\u00f3n"},"content":{"rendered":"\n<p>Redacci\u00f3n\/Zona Roja.<\/p>\n\n\n\n<p>Oaxaca de Ju\u00e1rez, Oax., a 22 de febrero de 2023.-&nbsp;La Defensor\u00eda de los Derechos Humanos del Pueblo de Oaxaca (DDHPO) conden\u00f3 los recientes casos de violencia extrema en contra de ni\u00f1as, ni\u00f1os y adolescentes ocurridos en Juchit\u00e1n, San Francisco Telixtlahuaca, as\u00ed como en la ciudad de Oaxaca de Ju\u00e1rez y llam\u00f3 al Estado a implementar una estrategia integral que permita garantizar el derecho a la vida, integridad personal y protecci\u00f3n de las infancias y adolescencias.<\/p>\n\n\n\n<p>El organismo defensor resalt\u00f3 que los casos recientes en los que se ha manifestado una violencia extrema en contra de ni\u00f1as, ni\u00f1os y adolescentes son un llamado de atenci\u00f3n al Estado para atender las causas estructurales, pues, al menos dos de los casos recientes est\u00e1n relacionados con problemas de salud mental y adicciones.<\/p>\n\n\n\n<p>A\u00f1adi\u00f3 que los casos recientes han hecho evidente la estrecha relaci\u00f3n que existe entre la violencia de g\u00e9nero y las agresiones en contra de ni\u00f1as, ni\u00f1os y adolescentes, ya que frecuentemente es el hogar en donde ambos son v\u00edctimas de agresiones, aunado a las pr\u00e1cticas sociales cotidianas que normalizan la violencia como la permisividad del castigo f\u00edsico y las normas basadas en el control.<\/p>\n\n\n\n<p>La Defensor\u00eda de los Derechos Humanos del Pueblo de Oaxaca record\u00f3 que el Estado tiene la obligaci\u00f3n de prevenir, atender, sancionar y erradicar todas las formas de violencia en contra de ni\u00f1as, ni\u00f1os y adolescentes, adem\u00e1s explic\u00f3 que esto incluye sancionar otras formas de violencia como descuido, trato negligente y explotaci\u00f3n.<\/p>\n\n\n\n<p>Y reiter\u00f3 su llamado al Estado para implementar una estrategia integral de seguridad y prevenci\u00f3n con enfoque de derechos que garantice la protecci\u00f3n de ni\u00f1as, ni\u00f1os y adolescentes, lo que implica que se cuenten con servicios m\u00e1s eficaces que permitan prevenir y responder adecuadamente cuando se presenten casos de violencia, los cuales deben ser de f\u00e1cil acceso y estar disponibles las 24 horas.<\/p>\n\n\n\n<p>Agreg\u00f3 que la atenci\u00f3n integral requiere que se atiendan los factores de riesgo de violencia y sus causas estructurales, para ello es necesario que se desarrollen alternativas de atenci\u00f3n que involucren tambi\u00e9n a la comunidad y no solo al Estado, pues se requiere de un cambio de paradigma en la sociedad que permita transitar hacia pr\u00e1cticas de crianza basadas en el respeto.<\/p>\n\n\n\n<p>La Defensor\u00eda puntualiz\u00f3 que es necesario fortalecer los sistemas integrales de protecci\u00f3n a ni\u00f1as, ni\u00f1os y adolescentes, as\u00ed como mejorar las capacidades institucionales para que se logre una coordinaci\u00f3n m\u00e1s eficaz en los casos de vulneraci\u00f3n de los derechos de la ni\u00f1ez y adolescencia, adem\u00e1s que es necesario que los enfoques; de derechos humanos, g\u00e9nero e intercultural sean transversales en las acciones.<\/p>\n\n\n\n<p>La DDHPO detall\u00f3 que las medidas que tome el Estado deber\u00e1n fortalecer las capacidades institucionales para identificar y atender casos de riesgo, as\u00ed como medidas alternativas de cuidado para ni\u00f1as, ni\u00f1os y adolescentes en sus entornos familiares, escolares y comunitarios.<\/p>\n\n\n\n<p>Asimismo, se requieren de estrategias de prevenci\u00f3n que coadyuven en la atenci\u00f3n de las causas estructurales y que permitan construir un entorno seguro, de protecci\u00f3n y libre de violencia para ni\u00f1as, ni\u00f1os y adolescentes.<\/p>\n\n\n\n<p>Finalmente, la Defensor\u00eda de los Derechos Humanos del Pueblo de Oaxaca considera que para erradicar la violencia contra ni\u00f1as, ni\u00f1os y adolescentes es fundamental garantizarles a las v\u00edctimas de agresiones un pleno acceso a la justicia, ya que esto es esencial para eliminar la impunidad y disminuir la incidencia de estos casos.<\/p>\n\n\n\n<p>&nbsp;(Comunicado)<\/p>\n","protected":false},"excerpt":{"rendered":"<p>Redacci\u00f3n\/Zona Roja. Oaxaca de Ju\u00e1rez, Oax., a 22 de febrero de 2023.-&nbsp;La Defensor\u00eda de los&hellip;<\/p>\n","protected":false},"author":2,"featured_media":35163,"comment_status":"closed","ping_status":"open","sticky":false,"template":"","format":"standard","meta":{"_lmt_disableupdate":"","_lmt_disable":"","_jetpack_memberships_contains_paid_content":false,"footnotes":""},"categories":[109,47],"tags":[287],"class_list":["post-51976","post","type-post","status-publish","format-standard","has-post-thumbnail","hentry","category-minuto-a-minuto","category-zona-gris","tag-ddhpo"],"jetpack_featured_media_url":"https:\/\/zonaroja.com.mx\/wp-content\/uploads\/2021\/12\/Feminicidios-Oaxaca-violencia-mujeres.jpg","jetpack_sharing_enabled":true,"_links":{"self":[{"href":"https:\/\/zonaroja.com.mx\/index.php?rest_route=\/wp\/v2\/posts\/51976","targetHints":{"allow":["GET"]}}],"collection":[{"href":"https:\/\/zonaroja.com.mx\/index.php?rest_route=\/wp\/v2\/posts"}],"about":[{"href":"https:\/\/zonaroja.com.mx\/index.php?rest_route=\/wp\/v2\/types\/post"}],"author":[{"embeddable":true,"href":"https:\/\/zonaroja.com.mx\/index.php?rest_route=\/wp\/v2\/users\/2"}],"replies":[{"embeddable":true,"href":"https:\/\/zonaroja.com.mx\/index.php?rest_route=%2Fwp%2Fv2%2Fcomments&post=51976"}],"version-history":[{"count":2,"href":"https:\/\/zonaroja.com.mx\/index.php?rest_route=\/wp\/v2\/posts\/51976\/revisions"}],"predecessor-version":[{"id":51980,"href":"https:\/\/zonaroja.com.mx\/index.php?rest_route=\/wp\/v2\/posts\/51976\/revisions\/51980"}],"wp:featuredmedia":[{"embeddable":true,"href":"https:\/\/zonaroja.com.mx\/index.php?rest_route=\/wp\/v2\/media\/35163"}],"wp:attachment":[{"href":"https:\/\/zonaroja.com.mx\/index.php?rest_route=%2Fwp%2Fv2%2Fmedia&parent=51976"}],"wp:term":[{"taxonomy":"category","embeddable":true,"href":"https:\/\/zonaroja.com.mx\/index.php?rest_route=%2Fwp%2Fv2%2Fcategories&post=51976"},{"taxonomy":"post_tag","embeddable":true,"href":"https:\/\/zonaroja.com.mx\/index.php?rest_route=%2Fwp%2Fv2%2Ftags&post=51976"}],"curies":[{"name":"wp","href":"https:\/\/api.w.org\/{rel}","templated":true}]}}