{"id":51982,"date":"2023-02-22T21:23:53","date_gmt":"2023-02-23T03:23:53","guid":{"rendered":"http:\/\/www.zonaroja.com.mx\/?p=51982"},"modified":"2023-02-22T21:23:55","modified_gmt":"2023-02-23T03:23:55","slug":"pese-a-dialogo-seccion-22-del-snte-reitera-postura-contra-el-gobierno-estatal","status":"publish","type":"post","link":"https:\/\/zonaroja.com.mx\/?p=51982","title":{"rendered":"Pese a di\u00e1logo, Secci\u00f3n 22 del SNTE reitera postura contra el gobierno estatal"},"content":{"rendered":"\n<p>Yuridiana Sosa\/Zona Roja.<\/p>\n\n\n\n<p>Oaxaca de Ju\u00e1rez, Oax., a 22 de febrero de 2023.- Por primera vez, a m\u00e1s de dos meses de entregado el pliego de peticiones, la Secci\u00f3n 22 del SNTE se reuni\u00f3 en mesa de negociaci\u00f3n con el Gobierno del Estado, contra el cual ratific\u00f3 su postura de lucha por los derechos laborales y sindicales.<\/p>\n\n\n\n<p>Fue por medio de dos mesas, en momentos diferentes del d\u00eda, en las que la autoridad estatal, que incluye el Instituto Estatal de Educaci\u00f3n P\u00fablica de Oaxaca (IEEPO), que se llev\u00f3 a cabo el encuentro.<\/p>\n\n\n\n<p>Tras m\u00e1s de cuatro horas de la primera mesa entre la Comisi\u00f3n Pol\u00edtica de la Secci\u00f3n 22 y el gobierno estatal encabezado por el mandatario Salom\u00f3n Jara Cruz, la dirigencia realiz\u00f3 un mitin en el z\u00f3calo de la capital en el que se\u00f1al\u00f3 que se traz\u00f3 una ruta para el planteamiento de sus peticiones.<\/p>\n\n\n\n<p>\u201cLa Secci\u00f3n 22 ratifica su posicionamiento pol\u00edtico ante el gobierno de Oaxaca, seguir\u00e1 defendiendo los derechos laborales y sindicales de los agremiados. Refrendamos la lucha\u201d, manifest\u00f3 la dirigencia.<\/p>\n\n\n\n<p>La secretaria general, Yenni Aracely P\u00e9rez Mart\u00ednez, asegur\u00f3 que en la mesa de negociaci\u00f3n se sentaron las bases para un trabajo bilateral, en el que se expusieron las demandas m\u00e1s sentidas y torales del movimiento.<\/p>\n\n\n\n<p>\u201cSe tocaron y dialogaron, analizaron y discutieron las que que tiene que ver con la justicia, de seguridad social, de justicia econ\u00f3mica que han quedado rezagados\u201d, apunt\u00f3, as\u00ed como que se plantearon mesas subsecuentes tanto con el gobierno estatal como el nacional.<\/p>\n\n\n\n<figure class=\"wp-block-embed is-type-rich is-provider-twitter wp-block-embed-twitter\"><div class=\"wp-block-embed__wrapper\">\n<div class=\"twitter-tweet\"><blockquote class=\"twitter-tweet\" data-lang=\"es\"><p lang=\"es\" dir=\"ltr\"><a href=\"https:\/\/twitter.com\/hashtag\/ENVIVO?src=hash&amp;ref_src=twsrc%5Etfw\">#ENVIVO<\/a><br>Una representaci\u00f3n de la Secci\u00f3n 22 espera en el z\u00f3calo y accesos al Palacio de Gobierno, donde se re\u00fane la dirigencia con el gobernador <a href=\"https:\/\/twitter.com\/salomonj?ref_src=twsrc%5Etfw\">@salomonj<\/a>. <br>En mitin advierten de movilizaciones, de no lograr respuestas positivas a sus demandas. <br>\ud83d\udc47<a href=\"https:\/\/t.co\/EFLzvXtQMY\">https:\/\/t.co\/EFLzvXtQMY<\/a> <a href=\"https:\/\/t.co\/OJnnMIAgGt\">pic.twitter.com\/OJnnMIAgGt<\/a><\/p>&mdash; Zona Roja Oaxaca (@ZonaRoja_Oaxaca) <a href=\"https:\/\/twitter.com\/ZonaRoja_Oaxaca\/status\/1628457225738911747?ref_src=twsrc%5Etfw\">22 de febrero de 2023<\/a><\/blockquote><\/div>\n<\/div><figcaption>del <\/figcaption><\/figure>\n\n\n\n<p>Respecto a la contrataci\u00f3n de los normalistas de manera directa, se\u00f1al\u00f3 que el tema se canaliz\u00f3 con el gobierno nacional, con el que est\u00e1 pendiente la programaci\u00f3n de las reuniones.<\/p>\n\n\n\n<p>Cerca de las 18:00 horas se llev\u00f3 a cabo la segunda parte del encuentro en la que se incluy\u00f3 la participaci\u00f3n de los representantes de los niveles educativos.<\/p>\n\n\n\n<p>PROTESTA A LA PAR<\/p>\n\n\n\n<p>Para la cobertura de la mesa de negociaci\u00f3n, integrantes de la Secci\u00f3n 22 adherida a la Coordinadora Nacional de Trabajadores de la Educaci\u00f3n (CNTE), apoyadas por normalistas, realizaron bloqueos y presencia alrededor del Palacio de Gobierno.<\/p>\n\n\n\n<p>Al paso de una hora del primer encuentro, los maestros exigieron desde un mitin respuestas inmediatas a su pliego de demandas o reactivar\u00edan sus movilizaciones.<\/p>\n\n\n\n<p>Como parte de su jornada, por varios minutos cerraron las calles de las Casas, Bustamante, y Flores Mag\u00f3n; los grupos de maestros vigilaban los accesos al Palacio de Gobierno, lo que se presumi\u00f3 en los primeros minutos como una \u201cretenci\u00f3n\u201d de otros funcionarios de Seguridad, y prensa, que permanec\u00edan al interior por razones de una conferencia de prensa.&nbsp;<\/p>\n","protected":false},"excerpt":{"rendered":"<p>Yuridiana Sosa\/Zona Roja. Oaxaca de Ju\u00e1rez, Oax., a 22 de febrero de 2023.- Por primera&hellip;<\/p>\n","protected":false},"author":2,"featured_media":51984,"comment_status":"closed","ping_status":"open","sticky":false,"template":"","format":"standard","meta":{"_lmt_disableupdate":"","_lmt_disable":"","_jetpack_memberships_contains_paid_content":false,"footnotes":""},"categories":[109,47],"tags":[312],"class_list":["post-51982","post","type-post","status-publish","format-standard","has-post-thumbnail","hentry","category-minuto-a-minuto","category-zona-gris","tag-seccion-22-del-snte"],"jetpack_featured_media_url":"https:\/\/zonaroja.com.mx\/wp-content\/uploads\/2023\/02\/Reunion-gobierno-y-Seccion-22-del-SNTE-Oaxaca.jpg","jetpack_sharing_enabled":true,"_links":{"self":[{"href":"https:\/\/zonaroja.com.mx\/index.php?rest_route=\/wp\/v2\/posts\/51982","targetHints":{"allow":["GET"]}}],"collection":[{"href":"https:\/\/zonaroja.com.mx\/index.php?rest_route=\/wp\/v2\/posts"}],"about":[{"href":"https:\/\/zonaroja.com.mx\/index.php?rest_route=\/wp\/v2\/types\/post"}],"author":[{"embeddable":true,"href":"https:\/\/zonaroja.com.mx\/index.php?rest_route=\/wp\/v2\/users\/2"}],"replies":[{"embeddable":true,"href":"https:\/\/zonaroja.com.mx\/index.php?rest_route=%2Fwp%2Fv2%2Fcomments&post=51982"}],"version-history":[{"count":1,"href":"https:\/\/zonaroja.com.mx\/index.php?rest_route=\/wp\/v2\/posts\/51982\/revisions"}],"predecessor-version":[{"id":51985,"href":"https:\/\/zonaroja.com.mx\/index.php?rest_route=\/wp\/v2\/posts\/51982\/revisions\/51985"}],"wp:featuredmedia":[{"embeddable":true,"href":"https:\/\/zonaroja.com.mx\/index.php?rest_route=\/wp\/v2\/media\/51984"}],"wp:attachment":[{"href":"https:\/\/zonaroja.com.mx\/index.php?rest_route=%2Fwp%2Fv2%2Fmedia&parent=51982"}],"wp:term":[{"taxonomy":"category","embeddable":true,"href":"https:\/\/zonaroja.com.mx\/index.php?rest_route=%2Fwp%2Fv2%2Fcategories&post=51982"},{"taxonomy":"post_tag","embeddable":true,"href":"https:\/\/zonaroja.com.mx\/index.php?rest_route=%2Fwp%2Fv2%2Ftags&post=51982"}],"curies":[{"name":"wp","href":"https:\/\/api.w.org\/{rel}","templated":true}]}}