{"id":51986,"date":"2023-02-22T21:42:06","date_gmt":"2023-02-23T03:42:06","guid":{"rendered":"http:\/\/www.zonaroja.com.mx\/?p=51986"},"modified":"2023-02-22T21:42:10","modified_gmt":"2023-02-23T03:42:10","slug":"suman-tres-personas-asesinadas-a-balazos-hoy-en-el-istmo","status":"publish","type":"post","link":"https:\/\/zonaroja.com.mx\/?p=51986","title":{"rendered":"Suman tres personas asesinadas a balazos hoy en el Istmo"},"content":{"rendered":"\n<p>Ismael Garc\u00eda M.\/Zona Roja.<\/p>\n\n\n\n<p>Oaxaca de Ju\u00e1rez, Oax., a 22 de febrero de 2023.- En tanto en la capital de Oaxaca el gobierno aseguraba que el estado goza de paz y seguridad, en la regi\u00f3n del Istmo asesinaron a balazos a tres personas y una m\u00e1s result\u00f3 lesionada.<\/p>\n\n\n\n<p>Esta noche se registr\u00f3 un ataque armado a un domicilio en la calle Rodrigo Carrasco de la Novena Secci\u00f3n de Juchit\u00e1n de Zaragoza, con saldo de dos ejecutados y un lesionado.<\/p>\n\n\n\n<p>Las v\u00edctimas fueron identificadas de manera preliminar como C\u00e9sar Erasmo M., de 21 a\u00f1os de edad, y Vicente Luis S., de 39 a\u00f1os, mientras que el herido respondi\u00f3 al nombre de Osiris Antonio M., de 23 a\u00f1os, quien fue trasladado a un hospital.<\/p>\n\n\n\n<p>Como se inform\u00f3, por la ma\u00f1ana en el municipio de Chahuites, en la zona oriente del Istmo, fue hallado el cuerpo sin vida de una mujer, con varios impactos de arma de fuego; fue identificada como Wendy Guadalupe P. C., originaria de Cintalapa, Chiapas.&nbsp;<\/p>\n\n\n\n<p>Al mediod\u00eda, en el Palacio de Gobierno, ciudad de Oaxaca, integrantes de la Mesa de Seguridad de la administraci\u00f3n que encabeza Salom\u00f3n Jara Cruz, detallaron en conferencia de prensa que s\u00ed hab\u00eda condiciones de seguridad para la poblaci\u00f3n.<\/p>\n\n\n\n<p>Posteriormente, en un comunicado, detallaron que se \u201cha intensificado las acciones para construir la paz, la seguridad y fortalecer la gobernabilidad, por lo que se realizaron 354 recorridos de seguridad y vigilancia y 177 operativos coordinados con la Secretar\u00eda de la Defensa Nacional y la Secretar\u00eda de Marina en las ocho regiones de Oaxaca\u201d.<\/p>\n","protected":false},"excerpt":{"rendered":"<p>Ismael Garc\u00eda M.\/Zona Roja. Oaxaca de Ju\u00e1rez, Oax., a 22 de febrero de 2023.- En&hellip;<\/p>\n","protected":false},"author":2,"featured_media":51987,"comment_status":"closed","ping_status":"open","sticky":false,"template":"","format":"standard","meta":{"_lmt_disableupdate":"","_lmt_disable":"","_jetpack_memberships_contains_paid_content":false,"footnotes":""},"categories":[109,51],"tags":[123],"class_list":["post-51986","post","type-post","status-publish","format-standard","has-post-thumbnail","hentry","category-minuto-a-minuto","category-zona-roja","tag-juchitan-de-zaragoza"],"jetpack_featured_media_url":"https:\/\/zonaroja.com.mx\/wp-content\/uploads\/2023\/02\/Dos-ejecutados-Juchitan.jpeg","jetpack_sharing_enabled":true,"_links":{"self":[{"href":"https:\/\/zonaroja.com.mx\/index.php?rest_route=\/wp\/v2\/posts\/51986","targetHints":{"allow":["GET"]}}],"collection":[{"href":"https:\/\/zonaroja.com.mx\/index.php?rest_route=\/wp\/v2\/posts"}],"about":[{"href":"https:\/\/zonaroja.com.mx\/index.php?rest_route=\/wp\/v2\/types\/post"}],"author":[{"embeddable":true,"href":"https:\/\/zonaroja.com.mx\/index.php?rest_route=\/wp\/v2\/users\/2"}],"replies":[{"embeddable":true,"href":"https:\/\/zonaroja.com.mx\/index.php?rest_route=%2Fwp%2Fv2%2Fcomments&post=51986"}],"version-history":[{"count":1,"href":"https:\/\/zonaroja.com.mx\/index.php?rest_route=\/wp\/v2\/posts\/51986\/revisions"}],"predecessor-version":[{"id":51988,"href":"https:\/\/zonaroja.com.mx\/index.php?rest_route=\/wp\/v2\/posts\/51986\/revisions\/51988"}],"wp:featuredmedia":[{"embeddable":true,"href":"https:\/\/zonaroja.com.mx\/index.php?rest_route=\/wp\/v2\/media\/51987"}],"wp:attachment":[{"href":"https:\/\/zonaroja.com.mx\/index.php?rest_route=%2Fwp%2Fv2%2Fmedia&parent=51986"}],"wp:term":[{"taxonomy":"category","embeddable":true,"href":"https:\/\/zonaroja.com.mx\/index.php?rest_route=%2Fwp%2Fv2%2Fcategories&post=51986"},{"taxonomy":"post_tag","embeddable":true,"href":"https:\/\/zonaroja.com.mx\/index.php?rest_route=%2Fwp%2Fv2%2Ftags&post=51986"}],"curies":[{"name":"wp","href":"https:\/\/api.w.org\/{rel}","templated":true}]}}